{"id":1017,"date":"2025-08-06T19:08:51","date_gmt":"2025-08-06T17:08:51","guid":{"rendered":"https:\/\/freundeskreis-asyl-korb.de\/?p=1017"},"modified":"2025-08-08T18:00:54","modified_gmt":"2025-08-08T16:00:54","slug":"zeit-fuer-brombeeren","status":"publish","type":"post","link":"https:\/\/freundeskreis-asyl-korb.de\/?p=1017","title":{"rendered":"Zeit f\u00fcr Brombeeren"},"content":{"rendered":"\n<p>im Garten der Begegnung. <\/p>\n\n\n\n<p>Wir haben wieder genug Wasser im Tank und viele Tomaten \ud83c\udf45&nbsp;und&nbsp;Brombeeren. Alle k\u00f6nnen in den Garten gehen und die Brombeeren pfl\u00fccken. (Mehr zum Garten gibt es bei der S\u00e4ule <a href=\"https:\/\/freundeskreis-asyl-korb.de\/?page_id=395\" data-type=\"page\" data-id=\"395\">Begegnung<\/a>)<\/p>\n\n\n\n<p>Erst war es zu trocken zum Grillen und gerade ist es sehr wechselhaft. Aber: <br>Wir planen f\u00fcr den Herbst wieder eine Party. <br>Bis dahin w\u00fcnschen wir euch sch\u00f6ne Ferien.<\/p>\n\n\n\n<figure class=\"wp-block-image size-full is-style-rounded\"><img loading=\"lazy\" decoding=\"async\" width=\"900\" height=\"900\" src=\"https:\/\/freundeskreis-asyl-korb.de\/wp-content\/uploads\/2025\/08\/Sonnenblume2.jpg\" alt=\"\" class=\"wp-image-1036\" srcset=\"https:\/\/freundeskreis-asyl-korb.de\/wp-content\/uploads\/2025\/08\/Sonnenblume2.jpg 900w, https:\/\/freundeskreis-asyl-korb.de\/wp-content\/uploads\/2025\/08\/Sonnenblume2-300x300.jpg 300w, https:\/\/freundeskreis-asyl-korb.de\/wp-content\/uploads\/2025\/08\/Sonnenblume2-150x150.jpg 150w, https:\/\/freundeskreis-asyl-korb.de\/wp-content\/uploads\/2025\/08\/Sonnenblume2-768x768.jpg 768w\" sizes=\"auto, (max-width: 900px) 100vw, 900px\" \/><\/figure>\n","protected":false},"excerpt":{"rendered":"<p>im Garten der Begegnung. Wir haben wieder genug Wasser im Tank und viele Tomaten \ud83c\udf45&nbsp;und&nbsp;Brombeeren. Alle k\u00f6nnen in den Garten gehen und die Brombeeren pfl\u00fccken. (Mehr zum Garten gibt es bei der S\u00e4ule Begegnung) Erst war es zu trocken zum Grillen und gerade ist es sehr wechselhaft. Aber: Wir planen f\u00fcr den Herbst wieder eine&hellip; <a class=\"more-link\" href=\"https:\/\/freundeskreis-asyl-korb.de\/?p=1017\"><span class=\"screen-reader-text\">Zeit f\u00fcr Brombeeren<\/span> weiterlesen<\/a><\/p>\n","protected":false},"author":2,"featured_media":1024,"comment_status":"open","ping_status":"open","sticky":false,"template":"","format":"standard","meta":{"footnotes":""},"categories":[1],"tags":[],"class_list":["post-1017","post","type-post","status-publish","format-standard","has-post-thumbnail","hentry","category-uncategorized","entry"],"featured_image_urls":{"full":["https:\/\/freundeskreis-asyl-korb.de\/wp-content\/uploads\/2025\/08\/Brombeeren1.jpg",741,796,false],"thumbnail":["https:\/\/freundeskreis-asyl-korb.de\/wp-content\/uploads\/2025\/08\/Brombeeren1-150x150.jpg",150,150,true],"medium":["https:\/\/freundeskreis-asyl-korb.de\/wp-content\/uploads\/2025\/08\/Brombeeren1-279x300.jpg",279,300,true],"medium_large":["https:\/\/freundeskreis-asyl-korb.de\/wp-content\/uploads\/2025\/08\/Brombeeren1.jpg",741,796,false],"large":["https:\/\/freundeskreis-asyl-korb.de\/wp-content\/uploads\/2025\/08\/Brombeeren1.jpg",741,796,false],"1536x1536":["https:\/\/freundeskreis-asyl-korb.de\/wp-content\/uploads\/2025\/08\/Brombeeren1.jpg",741,796,false],"2048x2048":["https:\/\/freundeskreis-asyl-korb.de\/wp-content\/uploads\/2025\/08\/Brombeeren1.jpg",741,796,false],"post-thumbnail":["https:\/\/freundeskreis-asyl-korb.de\/wp-content\/uploads\/2025\/08\/Brombeeren1.jpg",741,796,false]},"author_info":{"info":["Conny Schierwath"]},"category_info":"<a href=\"https:\/\/freundeskreis-asyl-korb.de\/?cat=1\" rel=\"category\">Veranstaltungen des Vereins<\/a>","tag_info":"Veranstaltungen des Vereins","comment_count":"0","_links":{"self":[{"href":"https:\/\/freundeskreis-asyl-korb.de\/index.php?rest_route=\/wp\/v2\/posts\/1017","targetHints":{"allow":["GET"]}}],"collection":[{"href":"https:\/\/freundeskreis-asyl-korb.de\/index.php?rest_route=\/wp\/v2\/posts"}],"about":[{"href":"https:\/\/freundeskreis-asyl-korb.de\/index.php?rest_route=\/wp\/v2\/types\/post"}],"author":[{"embeddable":true,"href":"https:\/\/freundeskreis-asyl-korb.de\/index.php?rest_route=\/wp\/v2\/users\/2"}],"replies":[{"embeddable":true,"href":"https:\/\/freundeskreis-asyl-korb.de\/index.php?rest_route=%2Fwp%2Fv2%2Fcomments&post=1017"}],"version-history":[{"count":9,"href":"https:\/\/freundeskreis-asyl-korb.de\/index.php?rest_route=\/wp\/v2\/posts\/1017\/revisions"}],"predecessor-version":[{"id":1038,"href":"https:\/\/freundeskreis-asyl-korb.de\/index.php?rest_route=\/wp\/v2\/posts\/1017\/revisions\/1038"}],"wp:featuredmedia":[{"embeddable":true,"href":"https:\/\/freundeskreis-asyl-korb.de\/index.php?rest_route=\/wp\/v2\/media\/1024"}],"wp:attachment":[{"href":"https:\/\/freundeskreis-asyl-korb.de\/index.php?rest_route=%2Fwp%2Fv2%2Fmedia&parent=1017"}],"wp:term":[{"taxonomy":"category","embeddable":true,"href":"https:\/\/freundeskreis-asyl-korb.de\/index.php?rest_route=%2Fwp%2Fv2%2Fcategories&post=1017"},{"taxonomy":"post_tag","embeddable":true,"href":"https:\/\/freundeskreis-asyl-korb.de\/index.php?rest_route=%2Fwp%2Fv2%2Ftags&post=1017"}],"curies":[{"name":"wp","href":"https:\/\/api.w.org\/{rel}","templated":true}]}}