{"id":1059,"date":"2025-08-21T13:01:00","date_gmt":"2025-08-21T11:01:00","guid":{"rendered":"https:\/\/freundeskreis-asyl-korb.de\/?p=1059"},"modified":"2025-08-21T13:01:00","modified_gmt":"2025-08-21T11:01:00","slug":"riesen-mammuts-und-vergiftete-pfeilspitzen-der-freundeskreis-asyl-hatte-ins-steinzeitmuseum-geladen","status":"publish","type":"post","link":"https:\/\/freundeskreis-asyl-korb.de\/?p=1059","title":{"rendered":"Riesen-Mammuts und vergiftete Pfeilspitzen \u2013 der Freundeskreis Asyl hatte ins Steinzeitmuseum geladen"},"content":{"rendered":"\n<p>Es ist einmal in Kleinheppach herummarschiert: Ein Mammut, vier Meter hoch und vier Meter breit mit Sto\u00dfz\u00e4hnen bis zu vier Meter lang. Was f\u00fcr uns Menschen von heute kaum vorstellbar ist, kann doch wahr sein: vor 45.000 Jahren sollen die Mammuts samt dem Neandertaler in unserer Gegend gelebt haben. <\/p>\n\n\n\n<figure class=\"wp-block-gallery has-nested-images columns-default is-cropped wp-block-gallery-1 is-layout-flex wp-block-gallery-is-layout-flex\">\n<figure class=\"wp-block-image size-large\"><img loading=\"lazy\" decoding=\"async\" width=\"1024\" height=\"576\" data-id=\"1063\" src=\"https:\/\/freundeskreis-asyl-korb.de\/wp-content\/uploads\/2025\/08\/01-gespannte-Erwartung-ret-1.jpg\" alt=\"\" class=\"wp-image-1063\" srcset=\"https:\/\/freundeskreis-asyl-korb.de\/wp-content\/uploads\/2025\/08\/01-gespannte-Erwartung-ret-1.jpg 1024w, https:\/\/freundeskreis-asyl-korb.de\/wp-content\/uploads\/2025\/08\/01-gespannte-Erwartung-ret-1-300x169.jpg 300w, https:\/\/freundeskreis-asyl-korb.de\/wp-content\/uploads\/2025\/08\/01-gespannte-Erwartung-ret-1-768x432.jpg 768w\" sizes=\"auto, (max-width: 1024px) 100vw, 1024px\" \/><\/figure>\n\n\n\n<figure class=\"wp-block-image size-large\"><img loading=\"lazy\" decoding=\"async\" width=\"1024\" height=\"576\" data-id=\"1064\" src=\"https:\/\/freundeskreis-asyl-korb.de\/wp-content\/uploads\/2025\/08\/02-Herr-Hauser-erklaert-kindgerecht.jpg\" alt=\"\" class=\"wp-image-1064\" srcset=\"https:\/\/freundeskreis-asyl-korb.de\/wp-content\/uploads\/2025\/08\/02-Herr-Hauser-erklaert-kindgerecht.jpg 1024w, https:\/\/freundeskreis-asyl-korb.de\/wp-content\/uploads\/2025\/08\/02-Herr-Hauser-erklaert-kindgerecht-300x169.jpg 300w, https:\/\/freundeskreis-asyl-korb.de\/wp-content\/uploads\/2025\/08\/02-Herr-Hauser-erklaert-kindgerecht-768x432.jpg 768w\" sizes=\"auto, (max-width: 1024px) 100vw, 1024px\" \/><\/figure>\n\n\n\n<figure class=\"wp-block-image size-large\"><img loading=\"lazy\" decoding=\"async\" width=\"1024\" height=\"576\" data-id=\"1065\" src=\"https:\/\/freundeskreis-asyl-korb.de\/wp-content\/uploads\/2025\/08\/03-Zelt-der-Steinzeitmenschen-1.jpg\" alt=\"\" class=\"wp-image-1065\" srcset=\"https:\/\/freundeskreis-asyl-korb.de\/wp-content\/uploads\/2025\/08\/03-Zelt-der-Steinzeitmenschen-1.jpg 1024w, https:\/\/freundeskreis-asyl-korb.de\/wp-content\/uploads\/2025\/08\/03-Zelt-der-Steinzeitmenschen-1-300x169.jpg 300w, https:\/\/freundeskreis-asyl-korb.de\/wp-content\/uploads\/2025\/08\/03-Zelt-der-Steinzeitmenschen-1-768x432.jpg 768w\" sizes=\"auto, (max-width: 1024px) 100vw, 1024px\" \/><\/figure>\n<\/figure>\n\n\n\n<p>Die Funde im Steinzeitmuseum in Kleinheppach zeigen es und Hermann Hauser verstand es, diese mit spannenden Erz\u00e4hlungen \u201elebendig\u201c zu machen. Ob Feuermachen ohne Streichh\u00f6lzer, ob giftige Pfeilspitzen oder den Bau einer Jurte durch den Homo sapiens auf dem Kleinheppacher Kopf \u2013 17 BesucherInnen im Alter zwischen 2 und 81 Jahren lauschten gebannt den Ausf\u00fchrungen. Sie alle waren der Sommer-Einladung des Korber Freundeskreises Asyl-Integration-Vielfalt gefolgt und h\u00f6rten Interessantes zur Alt-, Mittel- und Jungsteinzeit. <\/p>\n\n\n\n<figure class=\"wp-block-gallery has-nested-images columns-default is-cropped wp-block-gallery-2 is-layout-flex wp-block-gallery-is-layout-flex\">\n<figure class=\"wp-block-image size-large\"><img loading=\"lazy\" decoding=\"async\" width=\"1024\" height=\"576\" data-id=\"1069\" src=\"https:\/\/freundeskreis-asyl-korb.de\/wp-content\/uploads\/2025\/08\/04-das-Zelt-interessiert-schon-die-Kleinsten-ret-1.jpg\" alt=\"\" class=\"wp-image-1069\" srcset=\"https:\/\/freundeskreis-asyl-korb.de\/wp-content\/uploads\/2025\/08\/04-das-Zelt-interessiert-schon-die-Kleinsten-ret-1.jpg 1024w, https:\/\/freundeskreis-asyl-korb.de\/wp-content\/uploads\/2025\/08\/04-das-Zelt-interessiert-schon-die-Kleinsten-ret-1-300x169.jpg 300w, https:\/\/freundeskreis-asyl-korb.de\/wp-content\/uploads\/2025\/08\/04-das-Zelt-interessiert-schon-die-Kleinsten-ret-1-768x432.jpg 768w\" sizes=\"auto, (max-width: 1024px) 100vw, 1024px\" \/><\/figure>\n\n\n\n<figure class=\"wp-block-image size-large\"><img loading=\"lazy\" decoding=\"async\" width=\"1024\" height=\"576\" data-id=\"1067\" src=\"https:\/\/freundeskreis-asyl-korb.de\/wp-content\/uploads\/2025\/08\/05-und-auch-die-Grossen-ret.jpg\" alt=\"\" class=\"wp-image-1067\" srcset=\"https:\/\/freundeskreis-asyl-korb.de\/wp-content\/uploads\/2025\/08\/05-und-auch-die-Grossen-ret.jpg 1024w, https:\/\/freundeskreis-asyl-korb.de\/wp-content\/uploads\/2025\/08\/05-und-auch-die-Grossen-ret-300x169.jpg 300w, https:\/\/freundeskreis-asyl-korb.de\/wp-content\/uploads\/2025\/08\/05-und-auch-die-Grossen-ret-768x432.jpg 768w\" sizes=\"auto, (max-width: 1024px) 100vw, 1024px\" \/><\/figure>\n\n\n\n<figure class=\"wp-block-image size-large\"><img loading=\"lazy\" decoding=\"async\" width=\"1024\" height=\"576\" data-id=\"1068\" src=\"https:\/\/freundeskreis-asyl-korb.de\/wp-content\/uploads\/2025\/08\/06-Backenzahn-des-Mammuts.jpg\" alt=\"\" class=\"wp-image-1068\" srcset=\"https:\/\/freundeskreis-asyl-korb.de\/wp-content\/uploads\/2025\/08\/06-Backenzahn-des-Mammuts.jpg 1024w, https:\/\/freundeskreis-asyl-korb.de\/wp-content\/uploads\/2025\/08\/06-Backenzahn-des-Mammuts-300x169.jpg 300w, https:\/\/freundeskreis-asyl-korb.de\/wp-content\/uploads\/2025\/08\/06-Backenzahn-des-Mammuts-768x432.jpg 768w\" sizes=\"auto, (max-width: 1024px) 100vw, 1024px\" \/><\/figure>\n<\/figure>\n\n\n\n<p>Die Funde aus der R\u00f6merzeit und dem Mittelalter konnten nur kurz angesprochen werden, sie k\u00f6nnten aber Schwerpunkt eines neuerlichen Besuchs im Steinzeitmuseum sein.<\/p>\n\n\n\n<figure class=\"wp-block-gallery has-nested-images columns-default is-cropped wp-block-gallery-3 is-layout-flex wp-block-gallery-is-layout-flex\">\n<figure class=\"wp-block-image size-large\"><img loading=\"lazy\" decoding=\"async\" width=\"1024\" height=\"576\" data-id=\"1075\" src=\"https:\/\/freundeskreis-asyl-korb.de\/wp-content\/uploads\/2025\/08\/07-Werkzeuge-der-Steinzeitmenschen-1.jpg\" alt=\"\" class=\"wp-image-1075\" srcset=\"https:\/\/freundeskreis-asyl-korb.de\/wp-content\/uploads\/2025\/08\/07-Werkzeuge-der-Steinzeitmenschen-1.jpg 1024w, https:\/\/freundeskreis-asyl-korb.de\/wp-content\/uploads\/2025\/08\/07-Werkzeuge-der-Steinzeitmenschen-1-300x169.jpg 300w, https:\/\/freundeskreis-asyl-korb.de\/wp-content\/uploads\/2025\/08\/07-Werkzeuge-der-Steinzeitmenschen-1-768x432.jpg 768w\" sizes=\"auto, (max-width: 1024px) 100vw, 1024px\" \/><\/figure>\n\n\n\n<figure class=\"wp-block-image size-large\"><img loading=\"lazy\" decoding=\"async\" width=\"1024\" height=\"576\" data-id=\"1076\" src=\"https:\/\/freundeskreis-asyl-korb.de\/wp-content\/uploads\/2025\/08\/08-alle-machen-mit-ret-1.jpg\" alt=\"\" class=\"wp-image-1076\" srcset=\"https:\/\/freundeskreis-asyl-korb.de\/wp-content\/uploads\/2025\/08\/08-alle-machen-mit-ret-1.jpg 1024w, https:\/\/freundeskreis-asyl-korb.de\/wp-content\/uploads\/2025\/08\/08-alle-machen-mit-ret-1-300x169.jpg 300w, https:\/\/freundeskreis-asyl-korb.de\/wp-content\/uploads\/2025\/08\/08-alle-machen-mit-ret-1-768x432.jpg 768w\" sizes=\"auto, (max-width: 1024px) 100vw, 1024px\" \/><\/figure>\n\n\n\n<figure class=\"wp-block-image size-large\"><img loading=\"lazy\" decoding=\"async\" width=\"1024\" height=\"576\" data-id=\"1078\" src=\"https:\/\/freundeskreis-asyl-korb.de\/wp-content\/uploads\/2025\/08\/09-im-Zelt-beim-Feuer-machen-ret-2.jpg\" alt=\"\" class=\"wp-image-1078\" srcset=\"https:\/\/freundeskreis-asyl-korb.de\/wp-content\/uploads\/2025\/08\/09-im-Zelt-beim-Feuer-machen-ret-2.jpg 1024w, https:\/\/freundeskreis-asyl-korb.de\/wp-content\/uploads\/2025\/08\/09-im-Zelt-beim-Feuer-machen-ret-2-300x169.jpg 300w, https:\/\/freundeskreis-asyl-korb.de\/wp-content\/uploads\/2025\/08\/09-im-Zelt-beim-Feuer-machen-ret-2-768x432.jpg 768w\" sizes=\"auto, (max-width: 1024px) 100vw, 1024px\" \/><\/figure>\n<\/figure>\n\n\n\n<figure class=\"wp-block-image size-large is-resized is-style-rounded\"><img loading=\"lazy\" decoding=\"async\" width=\"1024\" height=\"768\" src=\"https:\/\/freundeskreis-asyl-korb.de\/wp-content\/uploads\/2025\/08\/Steinzeitmuseum-2-ret-3-1024x768.jpg\" alt=\"\" class=\"wp-image-1084\" style=\"width:536px;height:auto\" srcset=\"https:\/\/freundeskreis-asyl-korb.de\/wp-content\/uploads\/2025\/08\/Steinzeitmuseum-2-ret-3-1024x768.jpg 1024w, https:\/\/freundeskreis-asyl-korb.de\/wp-content\/uploads\/2025\/08\/Steinzeitmuseum-2-ret-3-300x225.jpg 300w, https:\/\/freundeskreis-asyl-korb.de\/wp-content\/uploads\/2025\/08\/Steinzeitmuseum-2-ret-3-768x576.jpg 768w, https:\/\/freundeskreis-asyl-korb.de\/wp-content\/uploads\/2025\/08\/Steinzeitmuseum-2-ret-3-1536x1152.jpg 1536w, https:\/\/freundeskreis-asyl-korb.de\/wp-content\/uploads\/2025\/08\/Steinzeitmuseum-2-ret-3-1568x1176.jpg 1568w, https:\/\/freundeskreis-asyl-korb.de\/wp-content\/uploads\/2025\/08\/Steinzeitmuseum-2-ret-3.jpg 1600w\" sizes=\"auto, (max-width: 1024px) 100vw, 1024px\" \/><\/figure>\n\n\n\n<p>Der Museumsbesuch wurde von der S\u00e4ule Begegnung zusammen mit den ehrenamtlichen Mitarbeitern des Steinzeitmuseums organisiert, berichtet hat Rose Schaaf.<\/p>\n\n\n\n<p>Herzlichen Dank daf\u00fcr, dass wir diesen tollen Nachmittag im Museum verbringen durften.<\/p>\n\n\n\n<p><a href=\"https:\/\/www.korb.de\/de\/freizeit-kultur\/bildung-wissen\/steinzeitmuseum\">Gemeinde Korb&nbsp;|&nbsp;Steinzeitmuseum&nbsp;|&nbsp;<\/a><\/p>\n\n\n\n<p><\/p>\n","protected":false},"excerpt":{"rendered":"<p>Es ist einmal in Kleinheppach herummarschiert: Ein Mammut, vier Meter hoch und vier Meter breit mit Sto\u00dfz\u00e4hnen bis zu vier Meter lang. Was f\u00fcr uns Menschen von heute kaum vorstellbar ist, kann doch wahr sein: vor 45.000 Jahren sollen die Mammuts samt dem Neandertaler in unserer Gegend gelebt haben. Die Funde im Steinzeitmuseum in Kleinheppach&hellip; <a class=\"more-link\" href=\"https:\/\/freundeskreis-asyl-korb.de\/?p=1059\"><span class=\"screen-reader-text\">Riesen-Mammuts und vergiftete Pfeilspitzen \u2013 der Freundeskreis Asyl hatte ins Steinzeitmuseum geladen<\/span> weiterlesen<\/a><\/p>\n","protected":false},"author":2,"featured_media":1060,"comment_status":"open","ping_status":"open","sticky":false,"template":"","format":"standard","meta":{"footnotes":""},"categories":[5,1],"tags":[9],"class_list":["post-1059","post","type-post","status-publish","format-standard","has-post-thumbnail","hentry","category-other-events","category-uncategorized","tag-steinzeitmuseum","entry"],"featured_image_urls":{"full":["https:\/\/freundeskreis-asyl-korb.de\/wp-content\/uploads\/2025\/08\/03-Zelt-der-Steinzeitmenschen.jpg",1024,576,false],"thumbnail":["https:\/\/freundeskreis-asyl-korb.de\/wp-content\/uploads\/2025\/08\/03-Zelt-der-Steinzeitmenschen-150x150.jpg",150,150,true],"medium":["https:\/\/freundeskreis-asyl-korb.de\/wp-content\/uploads\/2025\/08\/03-Zelt-der-Steinzeitmenschen-300x169.jpg",300,169,true],"medium_large":["https:\/\/freundeskreis-asyl-korb.de\/wp-content\/uploads\/2025\/08\/03-Zelt-der-Steinzeitmenschen-768x432.jpg",750,422,true],"large":["https:\/\/freundeskreis-asyl-korb.de\/wp-content\/uploads\/2025\/08\/03-Zelt-der-Steinzeitmenschen.jpg",750,422,false],"1536x1536":["https:\/\/freundeskreis-asyl-korb.de\/wp-content\/uploads\/2025\/08\/03-Zelt-der-Steinzeitmenschen.jpg",1024,576,false],"2048x2048":["https:\/\/freundeskreis-asyl-korb.de\/wp-content\/uploads\/2025\/08\/03-Zelt-der-Steinzeitmenschen.jpg",1024,576,false],"post-thumbnail":["https:\/\/freundeskreis-asyl-korb.de\/wp-content\/uploads\/2025\/08\/03-Zelt-der-Steinzeitmenschen.jpg",1024,576,false]},"author_info":{"info":["Conny Schierwath"]},"category_info":"<a href=\"https:\/\/freundeskreis-asyl-korb.de\/?cat=5\" rel=\"category\">Sonstige Veranstaltungen<\/a> <a href=\"https:\/\/freundeskreis-asyl-korb.de\/?cat=1\" rel=\"category\">Veranstaltungen des Vereins<\/a>","tag_info":"Veranstaltungen des Vereins","comment_count":"0","_links":{"self":[{"href":"https:\/\/freundeskreis-asyl-korb.de\/index.php?rest_route=\/wp\/v2\/posts\/1059","targetHints":{"allow":["GET"]}}],"collection":[{"href":"https:\/\/freundeskreis-asyl-korb.de\/index.php?rest_route=\/wp\/v2\/posts"}],"about":[{"href":"https:\/\/freundeskreis-asyl-korb.de\/index.php?rest_route=\/wp\/v2\/types\/post"}],"author":[{"embeddable":true,"href":"https:\/\/freundeskreis-asyl-korb.de\/index.php?rest_route=\/wp\/v2\/users\/2"}],"replies":[{"embeddable":true,"href":"https:\/\/freundeskreis-asyl-korb.de\/index.php?rest_route=%2Fwp%2Fv2%2Fcomments&post=1059"}],"version-history":[{"count":4,"href":"https:\/\/freundeskreis-asyl-korb.de\/index.php?rest_route=\/wp\/v2\/posts\/1059\/revisions"}],"predecessor-version":[{"id":1086,"href":"https:\/\/freundeskreis-asyl-korb.de\/index.php?rest_route=\/wp\/v2\/posts\/1059\/revisions\/1086"}],"wp:featuredmedia":[{"embeddable":true,"href":"https:\/\/freundeskreis-asyl-korb.de\/index.php?rest_route=\/wp\/v2\/media\/1060"}],"wp:attachment":[{"href":"https:\/\/freundeskreis-asyl-korb.de\/index.php?rest_route=%2Fwp%2Fv2%2Fmedia&parent=1059"}],"wp:term":[{"taxonomy":"category","embeddable":true,"href":"https:\/\/freundeskreis-asyl-korb.de\/index.php?rest_route=%2Fwp%2Fv2%2Fcategories&post=1059"},{"taxonomy":"post_tag","embeddable":true,"href":"https:\/\/freundeskreis-asyl-korb.de\/index.php?rest_route=%2Fwp%2Fv2%2Ftags&post=1059"}],"curies":[{"name":"wp","href":"https:\/\/api.w.org\/{rel}","templated":true}]}}