{"id":1129,"date":"2025-10-16T17:35:03","date_gmt":"2025-10-16T15:35:03","guid":{"rendered":"https:\/\/freundeskreis-asyl-korb.de\/?p=1129"},"modified":"2025-10-16T17:35:03","modified_gmt":"2025-10-16T15:35:03","slug":"spaetsommertreff","status":"publish","type":"post","link":"https:\/\/freundeskreis-asyl-korb.de\/?p=1129","title":{"rendered":"Sp\u00e4tsommertreff"},"content":{"rendered":"\n<p>Das Landratsamt, die Caritas, das Deutsche Rote Kreuz und der Kreisdiakonieverband hatten am 15.10.25 zu einem Sp\u00e4tsommertreff nach Winterbach eingeladen.<\/p>\n\n\n\n<p>Im Mittelpunkt stand ein Kurzfilm, in dem gefl\u00fcchtete Frauen aus unserem Landkreis portr\u00e4tiert wurden. Die meisten dieser Frauen waren auch anwesend und standen f\u00fcr Fragen zur Verf\u00fcgung. <\/p>\n\n\n\n<p>Auf YouTube kann man diesen Film jetzt auch finden:<\/p>\n\n\n\n<p><a href=\"https:\/\/www.youtube.com\/watch?v=ndvZAMtnt8U\">Verborgene Heldinnen: Geschichten gefl\u00fcchteter Frauen im Rems-Murr-Kreis &#8211; YouTube<\/a><\/p>\n\n\n\n<p>Viel Spa\u00df beim Anschauen!<\/p>\n\n\n\n<p><\/p>\n","protected":false},"excerpt":{"rendered":"<p>Das Landratsamt, die Caritas, das Deutsche Rote Kreuz und der Kreisdiakonieverband hatten am 15.10.25 zu einem Sp\u00e4tsommertreff nach Winterbach eingeladen. Im Mittelpunkt stand ein Kurzfilm, in dem gefl\u00fcchtete Frauen aus unserem Landkreis portr\u00e4tiert wurden. Die meisten dieser Frauen waren auch anwesend und standen f\u00fcr Fragen zur Verf\u00fcgung. Auf YouTube kann man diesen Film jetzt auch&hellip; <a class=\"more-link\" href=\"https:\/\/freundeskreis-asyl-korb.de\/?p=1129\"><span class=\"screen-reader-text\">Sp\u00e4tsommertreff<\/span> weiterlesen<\/a><\/p>\n","protected":false},"author":2,"featured_media":1130,"comment_status":"open","ping_status":"open","sticky":false,"template":"","format":"standard","meta":{"footnotes":""},"categories":[5],"tags":[12,11,10],"class_list":["post-1129","post","type-post","status-publish","format-standard","has-post-thumbnail","hentry","category-other-events","tag-film","tag-heldin","tag-verborgen","entry"],"featured_image_urls":{"full":["https:\/\/freundeskreis-asyl-korb.de\/wp-content\/uploads\/2025\/10\/Einladung-Ehrenamt-Spaetsommertreff.jpg",1299,689,false],"thumbnail":["https:\/\/freundeskreis-asyl-korb.de\/wp-content\/uploads\/2025\/10\/Einladung-Ehrenamt-Spaetsommertreff-150x150.jpg",150,150,true],"medium":["https:\/\/freundeskreis-asyl-korb.de\/wp-content\/uploads\/2025\/10\/Einladung-Ehrenamt-Spaetsommertreff-300x159.jpg",300,159,true],"medium_large":["https:\/\/freundeskreis-asyl-korb.de\/wp-content\/uploads\/2025\/10\/Einladung-Ehrenamt-Spaetsommertreff-768x407.jpg",750,397,true],"large":["https:\/\/freundeskreis-asyl-korb.de\/wp-content\/uploads\/2025\/10\/Einladung-Ehrenamt-Spaetsommertreff-1024x543.jpg",750,398,true],"1536x1536":["https:\/\/freundeskreis-asyl-korb.de\/wp-content\/uploads\/2025\/10\/Einladung-Ehrenamt-Spaetsommertreff.jpg",1299,689,false],"2048x2048":["https:\/\/freundeskreis-asyl-korb.de\/wp-content\/uploads\/2025\/10\/Einladung-Ehrenamt-Spaetsommertreff.jpg",1299,689,false],"post-thumbnail":["https:\/\/freundeskreis-asyl-korb.de\/wp-content\/uploads\/2025\/10\/Einladung-Ehrenamt-Spaetsommertreff.jpg",1299,689,false]},"author_info":{"info":["Conny Schierwath"]},"category_info":"<a href=\"https:\/\/freundeskreis-asyl-korb.de\/?cat=5\" rel=\"category\">Sonstige Veranstaltungen<\/a>","tag_info":"Sonstige Veranstaltungen","comment_count":"0","_links":{"self":[{"href":"https:\/\/freundeskreis-asyl-korb.de\/index.php?rest_route=\/wp\/v2\/posts\/1129","targetHints":{"allow":["GET"]}}],"collection":[{"href":"https:\/\/freundeskreis-asyl-korb.de\/index.php?rest_route=\/wp\/v2\/posts"}],"about":[{"href":"https:\/\/freundeskreis-asyl-korb.de\/index.php?rest_route=\/wp\/v2\/types\/post"}],"author":[{"embeddable":true,"href":"https:\/\/freundeskreis-asyl-korb.de\/index.php?rest_route=\/wp\/v2\/users\/2"}],"replies":[{"embeddable":true,"href":"https:\/\/freundeskreis-asyl-korb.de\/index.php?rest_route=%2Fwp%2Fv2%2Fcomments&post=1129"}],"version-history":[{"count":1,"href":"https:\/\/freundeskreis-asyl-korb.de\/index.php?rest_route=\/wp\/v2\/posts\/1129\/revisions"}],"predecessor-version":[{"id":1131,"href":"https:\/\/freundeskreis-asyl-korb.de\/index.php?rest_route=\/wp\/v2\/posts\/1129\/revisions\/1131"}],"wp:featuredmedia":[{"embeddable":true,"href":"https:\/\/freundeskreis-asyl-korb.de\/index.php?rest_route=\/wp\/v2\/media\/1130"}],"wp:attachment":[{"href":"https:\/\/freundeskreis-asyl-korb.de\/index.php?rest_route=%2Fwp%2Fv2%2Fmedia&parent=1129"}],"wp:term":[{"taxonomy":"category","embeddable":true,"href":"https:\/\/freundeskreis-asyl-korb.de\/index.php?rest_route=%2Fwp%2Fv2%2Fcategories&post=1129"},{"taxonomy":"post_tag","embeddable":true,"href":"https:\/\/freundeskreis-asyl-korb.de\/index.php?rest_route=%2Fwp%2Fv2%2Ftags&post=1129"}],"curies":[{"name":"wp","href":"https:\/\/api.w.org\/{rel}","templated":true}]}}