{"id":1134,"date":"2025-10-19T18:25:43","date_gmt":"2025-10-19T16:25:43","guid":{"rendered":"https:\/\/freundeskreis-asyl-korb.de\/?p=1134"},"modified":"2025-10-19T18:47:11","modified_gmt":"2025-10-19T16:47:11","slug":"hand-in-hand-auf-neuen-wegen","status":"publish","type":"post","link":"https:\/\/freundeskreis-asyl-korb.de\/?p=1134","title":{"rendered":"Hand in Hand auf neuen Wegen"},"content":{"rendered":"\n<p>Zwanzig Jahre &#8220;K\u00f6pfe am Korber Kopf&#8221; &#8211; vielleicht ist ja auch dieses Kunstwerk mit dabei. <\/p>\n\n\n\n<p>Die Skulptur &#8220;Hand in Hand auf neuen Wegen&#8221; wurde in einem<br>Kunstprojekt mit Fl\u00fcchtlingen und Einheimischen von Februar bis Mai 2017 unter Anleitung von Jo Nagel in Korb geschaffen.<br>Das Original steht inzwischen &#8211; nach seiner Wanderung an verschiedene Ausstellungsorte &#8211; vor der Katholischen Kirche in Korb.<br>Der kleinere Zwilling ist im Haus der Geschichte Baden-W\u00fcrttembergs in Stuttgart beheimatet.<\/p>\n\n\n\n<p>Alle d\u00fcrfen bei der Wahl f\u00fcr die K\u00f6pfe-Jubil\u00e4umsrunde <em>20 Jahre<\/em> mitmachen. W\u00e4hlen kann frau\/man in drei Kategorien (M = Messer, P = Profibilldhauer von au\u00dferhalb und A = Amateure).&nbsp;Wenn wir jetzt im Bereich der <strong>Amateure<\/strong> alle flei\u00dfig f\u00fcr die Skulptur &#8220;Hand in Hand&#8230;&#8221; stimmen, k\u00f6nnte es sein, dass diese f\u00fcr ein Jahr noch einmal am Skulpturenrundweg der K\u00f6pfe am Korber Kopf zu sehen ist.<br><\/p>\n\n\n\n<p>Wir w\u00fcrden uns \u00fcber Ihre Stimme freuen! Vielen Dank \ud83d\udc95.<\/p>\n\n\n\n<p>Wahlzettel und einen Sonderdruck kann man hier finden: <a href=\"https:\/\/www.korb.de\/index.php?id=174&amp;publish%5Bid%5D=1595920&amp;publish%5Bstart%5D=\">Gemeinde Korb&nbsp;|&nbsp;Korb aktuell&nbsp;|&nbsp;<\/a><\/p>\n\n\n\n<p><\/p>\n","protected":false},"excerpt":{"rendered":"<p>Zwanzig Jahre &#8220;K\u00f6pfe am Korber Kopf&#8221; &#8211; vielleicht ist ja auch dieses Kunstwerk mit dabei. Die Skulptur &#8220;Hand in Hand auf neuen Wegen&#8221; wurde in einemKunstprojekt mit Fl\u00fcchtlingen und Einheimischen von Februar bis Mai 2017 unter Anleitung von Jo Nagel in Korb geschaffen.Das Original steht inzwischen &#8211; nach seiner Wanderung an verschiedene Ausstellungsorte &#8211; vor&hellip; <a class=\"more-link\" href=\"https:\/\/freundeskreis-asyl-korb.de\/?p=1134\"><span class=\"screen-reader-text\">Hand in Hand auf neuen Wegen<\/span> weiterlesen<\/a><\/p>\n","protected":false},"author":2,"featured_media":1140,"comment_status":"open","ping_status":"open","sticky":false,"template":"","format":"standard","meta":{"footnotes":""},"categories":[5],"tags":[13,14],"class_list":["post-1134","post","type-post","status-publish","format-standard","has-post-thumbnail","hentry","category-other-events","tag-kunst","tag-skulptur","entry"],"featured_image_urls":{"full":["https:\/\/freundeskreis-asyl-korb.de\/wp-content\/uploads\/2025\/10\/Hand-in-Hand-auf-neuen-Wegen.jpg",1280,1920,false],"thumbnail":["https:\/\/freundeskreis-asyl-korb.de\/wp-content\/uploads\/2025\/10\/Hand-in-Hand-auf-neuen-Wegen-150x150.jpg",150,150,true],"medium":["https:\/\/freundeskreis-asyl-korb.de\/wp-content\/uploads\/2025\/10\/Hand-in-Hand-auf-neuen-Wegen-200x300.jpg",200,300,true],"medium_large":["https:\/\/freundeskreis-asyl-korb.de\/wp-content\/uploads\/2025\/10\/Hand-in-Hand-auf-neuen-Wegen-768x1152.jpg",750,1125,true],"large":["https:\/\/freundeskreis-asyl-korb.de\/wp-content\/uploads\/2025\/10\/Hand-in-Hand-auf-neuen-Wegen-683x1024.jpg",683,1024,true],"1536x1536":["https:\/\/freundeskreis-asyl-korb.de\/wp-content\/uploads\/2025\/10\/Hand-in-Hand-auf-neuen-Wegen-1024x1536.jpg",1024,1536,true],"2048x2048":["https:\/\/freundeskreis-asyl-korb.de\/wp-content\/uploads\/2025\/10\/Hand-in-Hand-auf-neuen-Wegen.jpg",1280,1920,false],"post-thumbnail":["https:\/\/freundeskreis-asyl-korb.de\/wp-content\/uploads\/2025\/10\/Hand-in-Hand-auf-neuen-Wegen.jpg",1280,1920,false]},"author_info":{"info":["Conny Schierwath"]},"category_info":"<a href=\"https:\/\/freundeskreis-asyl-korb.de\/?cat=5\" rel=\"category\">Sonstige Veranstaltungen<\/a>","tag_info":"Sonstige Veranstaltungen","comment_count":"0","_links":{"self":[{"href":"https:\/\/freundeskreis-asyl-korb.de\/index.php?rest_route=\/wp\/v2\/posts\/1134","targetHints":{"allow":["GET"]}}],"collection":[{"href":"https:\/\/freundeskreis-asyl-korb.de\/index.php?rest_route=\/wp\/v2\/posts"}],"about":[{"href":"https:\/\/freundeskreis-asyl-korb.de\/index.php?rest_route=\/wp\/v2\/types\/post"}],"author":[{"embeddable":true,"href":"https:\/\/freundeskreis-asyl-korb.de\/index.php?rest_route=\/wp\/v2\/users\/2"}],"replies":[{"embeddable":true,"href":"https:\/\/freundeskreis-asyl-korb.de\/index.php?rest_route=%2Fwp%2Fv2%2Fcomments&post=1134"}],"version-history":[{"count":7,"href":"https:\/\/freundeskreis-asyl-korb.de\/index.php?rest_route=\/wp\/v2\/posts\/1134\/revisions"}],"predecessor-version":[{"id":1143,"href":"https:\/\/freundeskreis-asyl-korb.de\/index.php?rest_route=\/wp\/v2\/posts\/1134\/revisions\/1143"}],"wp:featuredmedia":[{"embeddable":true,"href":"https:\/\/freundeskreis-asyl-korb.de\/index.php?rest_route=\/wp\/v2\/media\/1140"}],"wp:attachment":[{"href":"https:\/\/freundeskreis-asyl-korb.de\/index.php?rest_route=%2Fwp%2Fv2%2Fmedia&parent=1134"}],"wp:term":[{"taxonomy":"category","embeddable":true,"href":"https:\/\/freundeskreis-asyl-korb.de\/index.php?rest_route=%2Fwp%2Fv2%2Fcategories&post=1134"},{"taxonomy":"post_tag","embeddable":true,"href":"https:\/\/freundeskreis-asyl-korb.de\/index.php?rest_route=%2Fwp%2Fv2%2Ftags&post=1134"}],"curies":[{"name":"wp","href":"https:\/\/api.w.org\/{rel}","templated":true}]}}