{"id":1224,"date":"2025-12-03T13:58:56","date_gmt":"2025-12-03T12:58:56","guid":{"rendered":"https:\/\/freundeskreis-asyl-korb.de\/?p=1224"},"modified":"2025-12-03T14:01:58","modified_gmt":"2025-12-03T13:01:58","slug":"cafe-international-november-2025","status":"publish","type":"post","link":"https:\/\/freundeskreis-asyl-korb.de\/?p=1224","title":{"rendered":"Caf\u00e9 International &#8211; November 2025"},"content":{"rendered":"\n<p>Das Caf\u00e9 International im November 2025 ist nun vorbei.<\/p>\n\n\n\n<p>Wir hatten eine gro\u00dfartige Beteiligung, darunter viele G\u00e4ste aus der Ukraine, Syrien, dem Irak, Afghanistan, Eritrea, der T\u00fcrkei und dem Kosovo. Auch einige einheimische G\u00e4ste waren zum ersten Mal dabei.<\/p>\n\n\n\n<p>Auch hatten wir einheimische G\u00e4ste, die zum ersten Mal gekommen sind.<br>Das Kinderprogramm war einfach super. So viele Kinder, die konzentriert und gl\u00fccklich gebastelt haben.<br>Herzlichen Dank an alle Mitarbeitenden.<\/p>\n\n\n\n<p>Euch allen w\u00fcnsche ich eine lichtbringende Adventszeit<br>und gr\u00fc\u00dfe herzlich<br>Eure Freunde von Freundkreis Asyl Korb E.V.<\/p>\n\n\n\n<figure class=\"wp-block-image size-large\"><img loading=\"lazy\" decoding=\"async\" width=\"1024\" height=\"577\" src=\"https:\/\/freundeskreis-asyl-korb.de\/wp-content\/uploads\/2025\/12\/CafeNov2025_p1-1024x577.jpg\" alt=\"\" class=\"wp-image-1225\" srcset=\"https:\/\/freundeskreis-asyl-korb.de\/wp-content\/uploads\/2025\/12\/CafeNov2025_p1-1024x577.jpg 1024w, https:\/\/freundeskreis-asyl-korb.de\/wp-content\/uploads\/2025\/12\/CafeNov2025_p1-300x169.jpg 300w, https:\/\/freundeskreis-asyl-korb.de\/wp-content\/uploads\/2025\/12\/CafeNov2025_p1-768x432.jpg 768w, https:\/\/freundeskreis-asyl-korb.de\/wp-content\/uploads\/2025\/12\/CafeNov2025_p1-1536x865.jpg 1536w, https:\/\/freundeskreis-asyl-korb.de\/wp-content\/uploads\/2025\/12\/CafeNov2025_p1-2048x1153.jpg 2048w, https:\/\/freundeskreis-asyl-korb.de\/wp-content\/uploads\/2025\/12\/CafeNov2025_p1-1568x883.jpg 1568w\" sizes=\"auto, (max-width: 1024px) 100vw, 1024px\" \/><\/figure>\n","protected":false},"excerpt":{"rendered":"<p>Wir hatten eine gro\u00dfartige Beteiligung, darunter viele G\u00e4ste&#8230;<\/p>\n","protected":false},"author":1,"featured_media":1225,"comment_status":"open","ping_status":"open","sticky":false,"template":"","format":"standard","meta":{"footnotes":""},"categories":[4],"tags":[15,18],"class_list":["post-1224","post","type-post","status-publish","format-standard","has-post-thumbnail","hentry","category-cafe-international","tag-cafe","tag-cafe-international","entry"],"featured_image_urls":{"full":["https:\/\/freundeskreis-asyl-korb.de\/wp-content\/uploads\/2025\/12\/CafeNov2025_p1-scaled.jpg",2560,1442,false],"thumbnail":["https:\/\/freundeskreis-asyl-korb.de\/wp-content\/uploads\/2025\/12\/CafeNov2025_p1-150x150.jpg",150,150,true],"medium":["https:\/\/freundeskreis-asyl-korb.de\/wp-content\/uploads\/2025\/12\/CafeNov2025_p1-300x169.jpg",300,169,true],"medium_large":["https:\/\/freundeskreis-asyl-korb.de\/wp-content\/uploads\/2025\/12\/CafeNov2025_p1-768x432.jpg",750,422,true],"large":["https:\/\/freundeskreis-asyl-korb.de\/wp-content\/uploads\/2025\/12\/CafeNov2025_p1-1024x577.jpg",750,423,true],"1536x1536":["https:\/\/freundeskreis-asyl-korb.de\/wp-content\/uploads\/2025\/12\/CafeNov2025_p1-1536x865.jpg",1536,865,true],"2048x2048":["https:\/\/freundeskreis-asyl-korb.de\/wp-content\/uploads\/2025\/12\/CafeNov2025_p1-2048x1153.jpg",2048,1153,true],"post-thumbnail":["https:\/\/freundeskreis-asyl-korb.de\/wp-content\/uploads\/2025\/12\/CafeNov2025_p1-1568x883.jpg",1568,883,true]},"author_info":{"info":["jasonrcook"]},"category_info":"<a href=\"https:\/\/freundeskreis-asyl-korb.de\/?cat=4\" rel=\"category\">Cafe International<\/a>","tag_info":"Cafe International","comment_count":"0","_links":{"self":[{"href":"https:\/\/freundeskreis-asyl-korb.de\/index.php?rest_route=\/wp\/v2\/posts\/1224","targetHints":{"allow":["GET"]}}],"collection":[{"href":"https:\/\/freundeskreis-asyl-korb.de\/index.php?rest_route=\/wp\/v2\/posts"}],"about":[{"href":"https:\/\/freundeskreis-asyl-korb.de\/index.php?rest_route=\/wp\/v2\/types\/post"}],"author":[{"embeddable":true,"href":"https:\/\/freundeskreis-asyl-korb.de\/index.php?rest_route=\/wp\/v2\/users\/1"}],"replies":[{"embeddable":true,"href":"https:\/\/freundeskreis-asyl-korb.de\/index.php?rest_route=%2Fwp%2Fv2%2Fcomments&post=1224"}],"version-history":[{"count":2,"href":"https:\/\/freundeskreis-asyl-korb.de\/index.php?rest_route=\/wp\/v2\/posts\/1224\/revisions"}],"predecessor-version":[{"id":1227,"href":"https:\/\/freundeskreis-asyl-korb.de\/index.php?rest_route=\/wp\/v2\/posts\/1224\/revisions\/1227"}],"wp:featuredmedia":[{"embeddable":true,"href":"https:\/\/freundeskreis-asyl-korb.de\/index.php?rest_route=\/wp\/v2\/media\/1225"}],"wp:attachment":[{"href":"https:\/\/freundeskreis-asyl-korb.de\/index.php?rest_route=%2Fwp%2Fv2%2Fmedia&parent=1224"}],"wp:term":[{"taxonomy":"category","embeddable":true,"href":"https:\/\/freundeskreis-asyl-korb.de\/index.php?rest_route=%2Fwp%2Fv2%2Fcategories&post=1224"},{"taxonomy":"post_tag","embeddable":true,"href":"https:\/\/freundeskreis-asyl-korb.de\/index.php?rest_route=%2Fwp%2Fv2%2Ftags&post=1224"}],"curies":[{"name":"wp","href":"https:\/\/api.w.org\/{rel}","templated":true}]}}