{"id":1266,"date":"2026-01-18T19:35:50","date_gmt":"2026-01-18T18:35:50","guid":{"rendered":"https:\/\/freundeskreis-asyl-korb.de\/?p=1266"},"modified":"2026-01-19T08:59:00","modified_gmt":"2026-01-19T07:59:00","slug":"in-eigener-sache","status":"publish","type":"post","link":"https:\/\/freundeskreis-asyl-korb.de\/?p=1266","title":{"rendered":"In eigener Sache"},"content":{"rendered":"\n<div class=\"wp-block-group has-purple-background-color has-background\"><div class=\"wp-block-group__inner-container is-layout-constrained wp-block-group-is-layout-constrained\">\n<div class=\"wp-block-group\"><div class=\"wp-block-group__inner-container is-layout-constrained wp-block-group-is-layout-constrained\">\n<h4 class=\"wp-block-heading has-text-align-center\"><\/h4>\n\n\n\n<p class=\"has-text-align-center has-normal-font-size\">S\u00e4ule Bedarf \u2013 Unterst\u00fctzung gesucht<\/p>\n<\/div><\/div>\n\n\n\n<p>Unsere Spendensammlung ist in Korb fest etabliert. Wir d\u00fcrfen uns regelm\u00e4\u00dfig dar\u00fcber freuen, dass viele Menschen uns Dinge bringen, die sie nicht mehr ben\u00f6tigen, \u00fcber die sich aber andere Menschen noch freuen.<\/p>\n\n\n\n<p>Um das Angebot langfristig sicherstellen zu k\u00f6nnen, ben\u00f6tigen wir Unterst\u00fctzung. Die sehr engagierte Dame, die diesen Bereich seit Beginn koordiniert, hat bereits Hilfe von mehreren Gefl\u00fcchteten. Sie sucht jetzt aber jemanden, der sich vorstellen kann, l\u00e4ngerfristig betrachtet auch die Verantwortung f\u00fcr diesen Bereich zu \u00fcbernehmen. Deshalb ist zumindest zu diesem Zeitpunkt eine Mitgliedschaft in unserem Verein Voraussetzung.<\/p>\n\n\n\n<p>Aufgaben sind<\/p>\n\n\n\n<ul class=\"wp-block-list\">\n<li>Annahme von Spenden<\/li>\n\n\n\n<li>Sortieren der Spenden<\/li>\n\n\n\n<li>Spendenausgabe<\/li>\n<\/ul>\n\n\n\n<p>Eine gewisse k\u00f6rperliche Belastbarkeit solltest Du \/ sollten Sie mitbringen, Treppensteigen sollte kein Problem sein.<\/p>\n\n\n\n<p class=\"has-text-align-center has-normal-font-size\">Falls wir Dein \/ Ihr Interesse geweckt haben, freuen wir uns \u00fcber eine kurze Nachricht.<\/p>\n<\/div><\/div>\n","protected":false},"excerpt":{"rendered":"<p>S\u00e4ule Bedarf \u2013 Unterst\u00fctzung gesucht Unsere Spendensammlung ist in Korb fest etabliert. Wir d\u00fcrfen uns regelm\u00e4\u00dfig dar\u00fcber freuen, dass viele Menschen uns Dinge bringen, die sie nicht mehr ben\u00f6tigen, \u00fcber die sich aber andere Menschen noch freuen. Um das Angebot langfristig sicherstellen zu k\u00f6nnen, ben\u00f6tigen wir Unterst\u00fctzung. Die sehr engagierte Dame, die diesen Bereich seit&hellip; <a class=\"more-link\" href=\"https:\/\/freundeskreis-asyl-korb.de\/?p=1266\"><span class=\"screen-reader-text\">In eigener Sache<\/span> weiterlesen<\/a><\/p>\n","protected":false},"author":2,"featured_media":884,"comment_status":"open","ping_status":"open","sticky":false,"template":"","format":"standard","meta":{"footnotes":""},"categories":[1],"tags":[],"class_list":["post-1266","post","type-post","status-publish","format-standard","has-post-thumbnail","hentry","category-uncategorized","entry"],"featured_image_urls":{"full":["https:\/\/freundeskreis-asyl-korb.de\/wp-content\/uploads\/2025\/07\/Bedarf8.jpg",1201,1600,false],"thumbnail":["https:\/\/freundeskreis-asyl-korb.de\/wp-content\/uploads\/2025\/07\/Bedarf8-150x150.jpg",150,150,true],"medium":["https:\/\/freundeskreis-asyl-korb.de\/wp-content\/uploads\/2025\/07\/Bedarf8-225x300.jpg",225,300,true],"medium_large":["https:\/\/freundeskreis-asyl-korb.de\/wp-content\/uploads\/2025\/07\/Bedarf8-768x1023.jpg",750,999,true],"large":["https:\/\/freundeskreis-asyl-korb.de\/wp-content\/uploads\/2025\/07\/Bedarf8-769x1024.jpg",750,999,true],"1536x1536":["https:\/\/freundeskreis-asyl-korb.de\/wp-content\/uploads\/2025\/07\/Bedarf8-1153x1536.jpg",1153,1536,true],"2048x2048":["https:\/\/freundeskreis-asyl-korb.de\/wp-content\/uploads\/2025\/07\/Bedarf8.jpg",1201,1600,false],"post-thumbnail":["https:\/\/freundeskreis-asyl-korb.de\/wp-content\/uploads\/2025\/07\/Bedarf8.jpg",1201,1600,false]},"author_info":{"info":["Conny Schierwath"]},"category_info":"<a href=\"https:\/\/freundeskreis-asyl-korb.de\/?cat=1\" rel=\"category\">Veranstaltungen des Vereins<\/a>","tag_info":"Veranstaltungen des Vereins","comment_count":"0","_links":{"self":[{"href":"https:\/\/freundeskreis-asyl-korb.de\/index.php?rest_route=\/wp\/v2\/posts\/1266","targetHints":{"allow":["GET"]}}],"collection":[{"href":"https:\/\/freundeskreis-asyl-korb.de\/index.php?rest_route=\/wp\/v2\/posts"}],"about":[{"href":"https:\/\/freundeskreis-asyl-korb.de\/index.php?rest_route=\/wp\/v2\/types\/post"}],"author":[{"embeddable":true,"href":"https:\/\/freundeskreis-asyl-korb.de\/index.php?rest_route=\/wp\/v2\/users\/2"}],"replies":[{"embeddable":true,"href":"https:\/\/freundeskreis-asyl-korb.de\/index.php?rest_route=%2Fwp%2Fv2%2Fcomments&post=1266"}],"version-history":[{"count":2,"href":"https:\/\/freundeskreis-asyl-korb.de\/index.php?rest_route=\/wp\/v2\/posts\/1266\/revisions"}],"predecessor-version":[{"id":1269,"href":"https:\/\/freundeskreis-asyl-korb.de\/index.php?rest_route=\/wp\/v2\/posts\/1266\/revisions\/1269"}],"wp:featuredmedia":[{"embeddable":true,"href":"https:\/\/freundeskreis-asyl-korb.de\/index.php?rest_route=\/wp\/v2\/media\/884"}],"wp:attachment":[{"href":"https:\/\/freundeskreis-asyl-korb.de\/index.php?rest_route=%2Fwp%2Fv2%2Fmedia&parent=1266"}],"wp:term":[{"taxonomy":"category","embeddable":true,"href":"https:\/\/freundeskreis-asyl-korb.de\/index.php?rest_route=%2Fwp%2Fv2%2Fcategories&post=1266"},{"taxonomy":"post_tag","embeddable":true,"href":"https:\/\/freundeskreis-asyl-korb.de\/index.php?rest_route=%2Fwp%2Fv2%2Ftags&post=1266"}],"curies":[{"name":"wp","href":"https:\/\/api.w.org\/{rel}","templated":true}]}}