{"id":1322,"date":"2026-03-01T14:21:13","date_gmt":"2026-03-01T13:21:13","guid":{"rendered":"https:\/\/freundeskreis-asyl-korb.de\/?p=1322"},"modified":"2026-03-01T14:31:58","modified_gmt":"2026-03-01T13:31:58","slug":"cafe-international-am-22-2-26","status":"publish","type":"post","link":"https:\/\/freundeskreis-asyl-korb.de\/?p=1322","title":{"rendered":"Caf\u00e9 International am 22.2.26"},"content":{"rendered":"\n<p>Am Sonntag, dem 22.2.26 fand in der Alten Kelter in Korb das Caf\u00e9 International statt.<\/p>\n\n\n\n<p>Der sch\u00f6ne Raum war von Beginn an trotz Ramadan bis auf den letzten Platz gef\u00fcllt. Einheimische und Gefl\u00fcchtete aus verschiedenen L\u00e4ndern \u2013 unter anderem aus dem Kosovo, der Ukraine, Syrien und Gambia \u2013 sowie G\u00e4ste aus nah und fern kamen miteinander ins Gespr\u00e4ch. Mindestens 20 G\u00e4ste waren das erste Mal da!<\/p>\n\n\n\n<p>Ein liebevoll vorbereitetes Kuchenbuffet der katholischen Kirchengemeinde sorgte f\u00fcr eine herzliche Atmosph\u00e4re.<\/p>\n\n\n\n<figure class=\"wp-block-image size-large\"><img loading=\"lazy\" decoding=\"async\" width=\"768\" height=\"1024\" src=\"https:\/\/freundeskreis-asyl-korb.de\/wp-content\/uploads\/2026\/03\/220226_1-768x1024.jpeg\" alt=\"\" class=\"wp-image-1323\" srcset=\"https:\/\/freundeskreis-asyl-korb.de\/wp-content\/uploads\/2026\/03\/220226_1-768x1024.jpeg 768w, https:\/\/freundeskreis-asyl-korb.de\/wp-content\/uploads\/2026\/03\/220226_1-225x300.jpeg 225w, https:\/\/freundeskreis-asyl-korb.de\/wp-content\/uploads\/2026\/03\/220226_1-1152x1536.jpeg 1152w, https:\/\/freundeskreis-asyl-korb.de\/wp-content\/uploads\/2026\/03\/220226_1-rotated.jpeg 1512w\" sizes=\"auto, (max-width: 768px) 100vw, 768px\" \/><\/figure>\n\n\n\n<p>Rose Schaaf moderierte den Nachmittag schwungvoll und f\u00fchrte zun\u00e4chst durch die Modenschau, bei der Models von 6 bis 88 Jahren gespendete Kleidung pr\u00e4sentierten, die anschlie\u00dfend auch mitgenommen werden konnte. Sowohl die G\u00e4ste als auch die Models hatten sichtlich Spa\u00df an der Vorf\u00fchrung.<\/p>\n\n\n\n<p>Die 10-j\u00e4hrige Valeria hat mit einer flotten Tanzauff\u00fchrung unterhalten.<\/p>\n\n\n\n<p>Walter Hahn zeigte den Imagefilm \u00fcber Korb, der selbst f\u00fcr Menschen, die schon l\u00e4nger hier leben, noch Interessantes zu zeigen hatte.<\/p>\n\n\n\n<p>Ruth Messer stellte ein neues Kinderprojekt vor: Im Rahmen der K\u00f6pfe am Korber Kopf 20 finden im Sommer 2026 Familien-R\u00e4tsel-Touren am Skulpturenrundweg statt. Es soll eine Zusatz-Einladung des Freundeskreises an gefl\u00fcchtete Familien mit Kindern geben.<\/p>\n\n\n\n<p>Fazit: Ein gelungener Nachmittag voller Begegnung und Gemeinschaft.<\/p>\n\n\n\n<p>Herzlichen Dank an alle, die unterst\u00fctzt haben: Beim Auf- und Abbau, mit Kuchenspenden, beim Kaffee ausschenken, bei der Begr\u00fc\u00dfung, bei der Modenschau und dem sonstigen Programm, in Gespr\u00e4chen, &#8230;.<\/p>\n\n\n\n<p>Die Besucher berichteten, dass sie es sehr genossen haben und sich schon auf das n\u00e4chste Caf\u00e9 am 27. September freuen. Mitglieder der Neuapostolischen Kirchengemeinde sorgen dann f\u00fcr die Bewirtung.<\/p>\n\n\n\n<p>Wenn Sie eine Idee f\u00fcr einen Programmpunkt haben oder selbst etwas pr\u00e4sentieren m\u00f6chten, melden Sie sich bitte bei uns \u2013 wir sind auch besonders daran interessiert, Beitr\u00e4ge aus Ihren Heimatl\u00e4ndern zu sehen und zu h\u00f6ren. Die B\u00fchne geh\u00f6rt Ihnen!<\/p>\n\n\n\n<div data-wp-interactive=\"core\/file\" class=\"wp-block-file\"><object data-wp-bind--hidden=\"!state.hasPdfPreview\" hidden class=\"wp-block-file__embed\" data=\"https:\/\/freundeskreis-asyl-korb.de\/wp-content\/uploads\/2026\/03\/Collage.pdf\" type=\"application\/pdf\" style=\"width:100%;height:600px\" aria-label=\"Einbettung von Collage.\"><\/object><a id=\"wp-block-file--media-a0152709-1326-4bfc-ad5e-2f88f58d9ac1\" href=\"https:\/\/freundeskreis-asyl-korb.de\/wp-content\/uploads\/2026\/03\/Collage.pdf\">Collage<\/a><a href=\"https:\/\/freundeskreis-asyl-korb.de\/wp-content\/uploads\/2026\/03\/Collage.pdf\" class=\"wp-block-file__button wp-element-button\" download aria-describedby=\"wp-block-file--media-a0152709-1326-4bfc-ad5e-2f88f58d9ac1\">Herunterladen<\/a><\/div>\n\n\n\n<p>(Herzlichen Dank an Walter f\u00fcr die tolle Collage mit Bildern unserer Modenschau. Auch der Text ist eine Collage aus Beitr\u00e4gen von B\u00e4rbel, Ruth, Rose und Jason, die mir ihre Eindr\u00fccke aufgeschrieben haben. Danke!) <\/p>\n","protected":false},"excerpt":{"rendered":"<p>Am Sonntag, dem 22.2.26 fand in der Alten Kelter in Korb das Caf\u00e9 International statt. Der sch\u00f6ne Raum war von Beginn an trotz Ramadan bis auf den letzten Platz gef\u00fcllt. Einheimische und Gefl\u00fcchtete aus verschiedenen L\u00e4ndern \u2013 unter anderem aus dem Kosovo, der Ukraine, Syrien und Gambia \u2013 sowie G\u00e4ste aus nah und fern kamen&hellip; <a class=\"more-link\" href=\"https:\/\/freundeskreis-asyl-korb.de\/?p=1322\"><span class=\"screen-reader-text\">Caf\u00e9 International am 22.2.26<\/span> weiterlesen<\/a><\/p>\n","protected":false},"author":2,"featured_media":1324,"comment_status":"open","ping_status":"open","sticky":false,"template":"","format":"standard","meta":{"footnotes":""},"categories":[1],"tags":[],"class_list":["post-1322","post","type-post","status-publish","format-standard","has-post-thumbnail","hentry","category-uncategorized","entry"],"featured_image_urls":{"full":["https:\/\/freundeskreis-asyl-korb.de\/wp-content\/uploads\/2026\/03\/2206_02-scaled.jpeg",1920,2560,false],"thumbnail":["https:\/\/freundeskreis-asyl-korb.de\/wp-content\/uploads\/2026\/03\/2206_02-150x150.jpeg",150,150,true],"medium":["https:\/\/freundeskreis-asyl-korb.de\/wp-content\/uploads\/2026\/03\/2206_02-225x300.jpeg",225,300,true],"medium_large":["https:\/\/freundeskreis-asyl-korb.de\/wp-content\/uploads\/2026\/03\/2206_02-768x1024.jpeg",750,1000,true],"large":["https:\/\/freundeskreis-asyl-korb.de\/wp-content\/uploads\/2026\/03\/2206_02-768x1024.jpeg",750,1000,true],"1536x1536":["https:\/\/freundeskreis-asyl-korb.de\/wp-content\/uploads\/2026\/03\/2206_02-1152x1536.jpeg",1152,1536,true],"2048x2048":["https:\/\/freundeskreis-asyl-korb.de\/wp-content\/uploads\/2026\/03\/2206_02-1536x2048.jpeg",1536,2048,true],"post-thumbnail":["https:\/\/freundeskreis-asyl-korb.de\/wp-content\/uploads\/2026\/03\/2206_02-1568x2091.jpeg",1568,2091,true]},"author_info":{"info":["Conny Schierwath"]},"category_info":"<a href=\"https:\/\/freundeskreis-asyl-korb.de\/?cat=1\" rel=\"category\">Veranstaltungen des Vereins<\/a>","tag_info":"Veranstaltungen des Vereins","comment_count":"0","_links":{"self":[{"href":"https:\/\/freundeskreis-asyl-korb.de\/index.php?rest_route=\/wp\/v2\/posts\/1322","targetHints":{"allow":["GET"]}}],"collection":[{"href":"https:\/\/freundeskreis-asyl-korb.de\/index.php?rest_route=\/wp\/v2\/posts"}],"about":[{"href":"https:\/\/freundeskreis-asyl-korb.de\/index.php?rest_route=\/wp\/v2\/types\/post"}],"author":[{"embeddable":true,"href":"https:\/\/freundeskreis-asyl-korb.de\/index.php?rest_route=\/wp\/v2\/users\/2"}],"replies":[{"embeddable":true,"href":"https:\/\/freundeskreis-asyl-korb.de\/index.php?rest_route=%2Fwp%2Fv2%2Fcomments&post=1322"}],"version-history":[{"count":2,"href":"https:\/\/freundeskreis-asyl-korb.de\/index.php?rest_route=\/wp\/v2\/posts\/1322\/revisions"}],"predecessor-version":[{"id":1330,"href":"https:\/\/freundeskreis-asyl-korb.de\/index.php?rest_route=\/wp\/v2\/posts\/1322\/revisions\/1330"}],"wp:featuredmedia":[{"embeddable":true,"href":"https:\/\/freundeskreis-asyl-korb.de\/index.php?rest_route=\/wp\/v2\/media\/1324"}],"wp:attachment":[{"href":"https:\/\/freundeskreis-asyl-korb.de\/index.php?rest_route=%2Fwp%2Fv2%2Fmedia&parent=1322"}],"wp:term":[{"taxonomy":"category","embeddable":true,"href":"https:\/\/freundeskreis-asyl-korb.de\/index.php?rest_route=%2Fwp%2Fv2%2Fcategories&post=1322"},{"taxonomy":"post_tag","embeddable":true,"href":"https:\/\/freundeskreis-asyl-korb.de\/index.php?rest_route=%2Fwp%2Fv2%2Ftags&post=1322"}],"curies":[{"name":"wp","href":"https:\/\/api.w.org\/{rel}","templated":true}]}}