{"id":1470,"date":"2026-04-28T10:36:17","date_gmt":"2026-04-28T08:36:17","guid":{"rendered":"https:\/\/freundeskreis-asyl-korb.de\/?p=1470"},"modified":"2026-04-28T10:36:17","modified_gmt":"2026-04-28T08:36:17","slug":"es-blueht","status":"publish","type":"post","link":"https:\/\/freundeskreis-asyl-korb.de\/?p=1470","title":{"rendered":"Es bl\u00fcht"},"content":{"rendered":"\n<p>Moni hat uns vom <strong>Garten der Begegnung<\/strong> Bilder geschickt und erz\u00e4hlt, dass die Himbeeren wachsen und die Erdbeeren und der Rosmarin bl\u00fchen. (Nat\u00fcrlich auch das Gras und das Unkraut&#8230;)<\/p>\n\n\n\n<p>Vielleicht habt ihr bei dem tollen Wetter, das wir gerade haben, Zeit und Lust, dem <strong>Garten der Begegnung<\/strong> einen Besuch abzustatten?<\/p>\n\n\n\n<figure class=\"wp-block-gallery has-nested-images columns-default is-cropped wp-block-gallery-1 is-layout-flex wp-block-gallery-is-layout-flex\">\n<figure class=\"wp-block-image size-large\"><img loading=\"lazy\" decoding=\"async\" width=\"1024\" height=\"768\" data-id=\"1473\" src=\"https:\/\/freundeskreis-asyl-korb.de\/wp-content\/uploads\/2026\/04\/GdB-2026-6-1024x768.jpeg\" alt=\"\" class=\"wp-image-1473\" srcset=\"https:\/\/freundeskreis-asyl-korb.de\/wp-content\/uploads\/2026\/04\/GdB-2026-6-1024x768.jpeg 1024w, https:\/\/freundeskreis-asyl-korb.de\/wp-content\/uploads\/2026\/04\/GdB-2026-6-300x225.jpeg 300w, https:\/\/freundeskreis-asyl-korb.de\/wp-content\/uploads\/2026\/04\/GdB-2026-6-768x576.jpeg 768w, https:\/\/freundeskreis-asyl-korb.de\/wp-content\/uploads\/2026\/04\/GdB-2026-6-1536x1152.jpeg 1536w, https:\/\/freundeskreis-asyl-korb.de\/wp-content\/uploads\/2026\/04\/GdB-2026-6-1568x1176.jpeg 1568w, https:\/\/freundeskreis-asyl-korb.de\/wp-content\/uploads\/2026\/04\/GdB-2026-6.jpeg 2048w\" sizes=\"auto, (max-width: 1024px) 100vw, 1024px\" \/><\/figure>\n\n\n\n<figure class=\"wp-block-image size-large\"><img loading=\"lazy\" decoding=\"async\" width=\"768\" height=\"1024\" data-id=\"1472\" src=\"https:\/\/freundeskreis-asyl-korb.de\/wp-content\/uploads\/2026\/04\/GdB-2026-7-768x1024.jpeg\" alt=\"\" class=\"wp-image-1472\" srcset=\"https:\/\/freundeskreis-asyl-korb.de\/wp-content\/uploads\/2026\/04\/GdB-2026-7-768x1024.jpeg 768w, https:\/\/freundeskreis-asyl-korb.de\/wp-content\/uploads\/2026\/04\/GdB-2026-7-225x300.jpeg 225w, https:\/\/freundeskreis-asyl-korb.de\/wp-content\/uploads\/2026\/04\/GdB-2026-7-1152x1536.jpeg 1152w, https:\/\/freundeskreis-asyl-korb.de\/wp-content\/uploads\/2026\/04\/GdB-2026-7.jpeg 1536w\" sizes=\"auto, (max-width: 768px) 100vw, 768px\" \/><\/figure>\n<\/figure>\n","protected":false},"excerpt":{"rendered":"<p>Moni hat uns vom Garten der Begegnung Bilder geschickt und erz\u00e4hlt, dass die Himbeeren wachsen und die Erdbeeren und der Rosmarin bl\u00fchen. (Nat\u00fcrlich auch das Gras und das Unkraut&#8230;) Vielleicht habt ihr bei dem tollen Wetter, das wir gerade haben, Zeit und Lust, dem Garten der Begegnung einen Besuch abzustatten?<\/p>\n","protected":false},"author":2,"featured_media":1471,"comment_status":"open","ping_status":"open","sticky":false,"template":"","format":"standard","meta":{"footnotes":""},"categories":[1],"tags":[],"class_list":["post-1470","post","type-post","status-publish","format-standard","has-post-thumbnail","hentry","category-uncategorized","entry"],"featured_image_urls":{"full":["https:\/\/freundeskreis-asyl-korb.de\/wp-content\/uploads\/2026\/04\/GdB-2026-8.jpeg",2048,1536,false],"thumbnail":["https:\/\/freundeskreis-asyl-korb.de\/wp-content\/uploads\/2026\/04\/GdB-2026-8-150x150.jpeg",150,150,true],"medium":["https:\/\/freundeskreis-asyl-korb.de\/wp-content\/uploads\/2026\/04\/GdB-2026-8-300x225.jpeg",300,225,true],"medium_large":["https:\/\/freundeskreis-asyl-korb.de\/wp-content\/uploads\/2026\/04\/GdB-2026-8-768x576.jpeg",750,563,true],"large":["https:\/\/freundeskreis-asyl-korb.de\/wp-content\/uploads\/2026\/04\/GdB-2026-8-1024x768.jpeg",750,563,true],"1536x1536":["https:\/\/freundeskreis-asyl-korb.de\/wp-content\/uploads\/2026\/04\/GdB-2026-8-1536x1152.jpeg",1536,1152,true],"2048x2048":["https:\/\/freundeskreis-asyl-korb.de\/wp-content\/uploads\/2026\/04\/GdB-2026-8.jpeg",2048,1536,false],"post-thumbnail":["https:\/\/freundeskreis-asyl-korb.de\/wp-content\/uploads\/2026\/04\/GdB-2026-8-1568x1176.jpeg",1568,1176,true]},"author_info":{"info":["Conny Schierwath"]},"category_info":"<a href=\"https:\/\/freundeskreis-asyl-korb.de\/?cat=1\" rel=\"category\">Veranstaltungen des Vereins<\/a>","tag_info":"Veranstaltungen des Vereins","comment_count":"0","_links":{"self":[{"href":"https:\/\/freundeskreis-asyl-korb.de\/index.php?rest_route=\/wp\/v2\/posts\/1470","targetHints":{"allow":["GET"]}}],"collection":[{"href":"https:\/\/freundeskreis-asyl-korb.de\/index.php?rest_route=\/wp\/v2\/posts"}],"about":[{"href":"https:\/\/freundeskreis-asyl-korb.de\/index.php?rest_route=\/wp\/v2\/types\/post"}],"author":[{"embeddable":true,"href":"https:\/\/freundeskreis-asyl-korb.de\/index.php?rest_route=\/wp\/v2\/users\/2"}],"replies":[{"embeddable":true,"href":"https:\/\/freundeskreis-asyl-korb.de\/index.php?rest_route=%2Fwp%2Fv2%2Fcomments&post=1470"}],"version-history":[{"count":1,"href":"https:\/\/freundeskreis-asyl-korb.de\/index.php?rest_route=\/wp\/v2\/posts\/1470\/revisions"}],"predecessor-version":[{"id":1474,"href":"https:\/\/freundeskreis-asyl-korb.de\/index.php?rest_route=\/wp\/v2\/posts\/1470\/revisions\/1474"}],"wp:featuredmedia":[{"embeddable":true,"href":"https:\/\/freundeskreis-asyl-korb.de\/index.php?rest_route=\/wp\/v2\/media\/1471"}],"wp:attachment":[{"href":"https:\/\/freundeskreis-asyl-korb.de\/index.php?rest_route=%2Fwp%2Fv2%2Fmedia&parent=1470"}],"wp:term":[{"taxonomy":"category","embeddable":true,"href":"https:\/\/freundeskreis-asyl-korb.de\/index.php?rest_route=%2Fwp%2Fv2%2Fcategories&post=1470"},{"taxonomy":"post_tag","embeddable":true,"href":"https:\/\/freundeskreis-asyl-korb.de\/index.php?rest_route=%2Fwp%2Fv2%2Ftags&post=1470"}],"curies":[{"name":"wp","href":"https:\/\/api.w.org\/{rel}","templated":true}]}}