{"id":167,"date":"2024-11-24T19:43:16","date_gmt":"2024-11-24T18:43:16","guid":{"rendered":"https:\/\/freundeskreis-asyl-korb.de\/?p=167"},"modified":"2025-06-21T18:13:00","modified_gmt":"2025-06-21T16:13:00","slug":"cafe-international-2","status":"publish","type":"post","link":"https:\/\/freundeskreis-asyl-korb.de\/?p=167","title":{"rendered":"Cafe International &#8211; Special"},"content":{"rendered":"\n<h2 class=\"wp-block-heading\">Modenschau<\/h2>\n\n\n\n<h4 class=\"wp-block-heading\">Sommer 2024<\/h4>\n\n\n\n<p>Ein Highlight nicht nur dieses Caf\u00e9 Internationals war eine Modenschau einer gefl\u00fcchteten ukrainischen Designerin. <\/p>\n\n\n\n<p>Sie hat uns exklusive selbst entworfene und gen\u00e4hte Kleidung pr\u00e4sentiert. Die hochwertige und vielf\u00e4ltige Mode wurde von Laien-Models vorgef\u00fchrt. Die Schau hat alle begeistert! <\/p>\n\n\n\n<p>Kontakt f\u00fcr weitere Informationen: mrsclotheslady@clothesshop.de.<\/p>\n\n\n\n<figure class=\"wp-block-gallery has-nested-images columns-default is-cropped wp-block-gallery-1 is-layout-flex wp-block-gallery-is-layout-flex\">\n<figure class=\"wp-block-image size-large\"><img loading=\"lazy\" decoding=\"async\" width=\"768\" height=\"1024\" data-id=\"739\" src=\"https:\/\/freundeskreis-asyl-korb.de\/wp-content\/uploads\/2024\/11\/Modenschau4_ret-768x1024.jpg\" alt=\"\" class=\"wp-image-739\" srcset=\"https:\/\/freundeskreis-asyl-korb.de\/wp-content\/uploads\/2024\/11\/Modenschau4_ret-768x1024.jpg 768w, https:\/\/freundeskreis-asyl-korb.de\/wp-content\/uploads\/2024\/11\/Modenschau4_ret-225x300.jpg 225w, https:\/\/freundeskreis-asyl-korb.de\/wp-content\/uploads\/2024\/11\/Modenschau4_ret-1152x1536.jpg 1152w, https:\/\/freundeskreis-asyl-korb.de\/wp-content\/uploads\/2024\/11\/Modenschau4_ret.jpg 1200w\" sizes=\"auto, (max-width: 768px) 100vw, 768px\" \/><\/figure>\n\n\n\n<figure class=\"wp-block-image size-large\"><img loading=\"lazy\" decoding=\"async\" width=\"768\" height=\"1024\" data-id=\"738\" src=\"https:\/\/freundeskreis-asyl-korb.de\/wp-content\/uploads\/2024\/11\/Modenschau3_ret-768x1024.jpg\" alt=\"\" class=\"wp-image-738\" srcset=\"https:\/\/freundeskreis-asyl-korb.de\/wp-content\/uploads\/2024\/11\/Modenschau3_ret-768x1024.jpg 768w, https:\/\/freundeskreis-asyl-korb.de\/wp-content\/uploads\/2024\/11\/Modenschau3_ret-225x300.jpg 225w, https:\/\/freundeskreis-asyl-korb.de\/wp-content\/uploads\/2024\/11\/Modenschau3_ret-1152x1536.jpg 1152w, https:\/\/freundeskreis-asyl-korb.de\/wp-content\/uploads\/2024\/11\/Modenschau3_ret.jpg 1200w\" sizes=\"auto, (max-width: 768px) 100vw, 768px\" \/><\/figure>\n\n\n\n<figure class=\"wp-block-image size-large\"><img loading=\"lazy\" decoding=\"async\" width=\"768\" height=\"1024\" data-id=\"737\" src=\"https:\/\/freundeskreis-asyl-korb.de\/wp-content\/uploads\/2024\/11\/Modenschau2-768x1024.jpg\" alt=\"\" class=\"wp-image-737\" srcset=\"https:\/\/freundeskreis-asyl-korb.de\/wp-content\/uploads\/2024\/11\/Modenschau2-768x1024.jpg 768w, https:\/\/freundeskreis-asyl-korb.de\/wp-content\/uploads\/2024\/11\/Modenschau2-225x300.jpg 225w, https:\/\/freundeskreis-asyl-korb.de\/wp-content\/uploads\/2024\/11\/Modenschau2-1152x1536.jpg 1152w, https:\/\/freundeskreis-asyl-korb.de\/wp-content\/uploads\/2024\/11\/Modenschau2.jpg 1200w\" sizes=\"auto, (max-width: 768px) 100vw, 768px\" \/><\/figure>\n<\/figure>\n","protected":false},"excerpt":{"rendered":"<p>Modenschau Sommer 2024 Ein Highlight nicht nur dieses Caf\u00e9 Internationals war eine Modenschau einer gefl\u00fcchteten ukrainischen Designerin. Sie hat uns exklusive selbst entworfene und gen\u00e4hte Kleidung pr\u00e4sentiert. Die hochwertige und vielf\u00e4ltige Mode wurde von Laien-Models vorgef\u00fchrt. Die Schau hat alle begeistert! Kontakt f\u00fcr weitere Informationen: mrsclotheslady@clothesshop.de.<\/p>\n","protected":false},"author":1,"featured_media":736,"comment_status":"open","ping_status":"open","sticky":false,"template":"","format":"standard","meta":{"footnotes":""},"categories":[5],"tags":[],"class_list":["post-167","post","type-post","status-publish","format-standard","has-post-thumbnail","hentry","category-other-events","entry"],"featured_image_urls":{"full":["https:\/\/freundeskreis-asyl-korb.de\/wp-content\/uploads\/2024\/11\/Modenschau1_ret.jpg",1600,1200,false],"thumbnail":["https:\/\/freundeskreis-asyl-korb.de\/wp-content\/uploads\/2024\/11\/Modenschau1_ret.jpg",150,113,false],"medium":["https:\/\/freundeskreis-asyl-korb.de\/wp-content\/uploads\/2024\/11\/Modenschau1_ret.jpg",300,225,false],"medium_large":["https:\/\/freundeskreis-asyl-korb.de\/wp-content\/uploads\/2024\/11\/Modenschau1_ret.jpg",750,563,false],"large":["https:\/\/freundeskreis-asyl-korb.de\/wp-content\/uploads\/2024\/11\/Modenschau1_ret.jpg",750,563,false],"1536x1536":["https:\/\/freundeskreis-asyl-korb.de\/wp-content\/uploads\/2024\/11\/Modenschau1_ret.jpg",1536,1152,false],"2048x2048":["https:\/\/freundeskreis-asyl-korb.de\/wp-content\/uploads\/2024\/11\/Modenschau1_ret.jpg",1600,1200,false],"post-thumbnail":["https:\/\/freundeskreis-asyl-korb.de\/wp-content\/uploads\/2024\/11\/Modenschau1_ret.jpg",1568,1176,false]},"author_info":{"info":["jasonrcook"]},"category_info":"<a href=\"https:\/\/freundeskreis-asyl-korb.de\/?cat=5\" rel=\"category\">Sonstige Veranstaltungen<\/a>","tag_info":"Sonstige Veranstaltungen","comment_count":"0","_links":{"self":[{"href":"https:\/\/freundeskreis-asyl-korb.de\/index.php?rest_route=\/wp\/v2\/posts\/167","targetHints":{"allow":["GET"]}}],"collection":[{"href":"https:\/\/freundeskreis-asyl-korb.de\/index.php?rest_route=\/wp\/v2\/posts"}],"about":[{"href":"https:\/\/freundeskreis-asyl-korb.de\/index.php?rest_route=\/wp\/v2\/types\/post"}],"author":[{"embeddable":true,"href":"https:\/\/freundeskreis-asyl-korb.de\/index.php?rest_route=\/wp\/v2\/users\/1"}],"replies":[{"embeddable":true,"href":"https:\/\/freundeskreis-asyl-korb.de\/index.php?rest_route=%2Fwp%2Fv2%2Fcomments&post=167"}],"version-history":[{"count":8,"href":"https:\/\/freundeskreis-asyl-korb.de\/index.php?rest_route=\/wp\/v2\/posts\/167\/revisions"}],"predecessor-version":[{"id":747,"href":"https:\/\/freundeskreis-asyl-korb.de\/index.php?rest_route=\/wp\/v2\/posts\/167\/revisions\/747"}],"wp:featuredmedia":[{"embeddable":true,"href":"https:\/\/freundeskreis-asyl-korb.de\/index.php?rest_route=\/wp\/v2\/media\/736"}],"wp:attachment":[{"href":"https:\/\/freundeskreis-asyl-korb.de\/index.php?rest_route=%2Fwp%2Fv2%2Fmedia&parent=167"}],"wp:term":[{"taxonomy":"category","embeddable":true,"href":"https:\/\/freundeskreis-asyl-korb.de\/index.php?rest_route=%2Fwp%2Fv2%2Fcategories&post=167"},{"taxonomy":"post_tag","embeddable":true,"href":"https:\/\/freundeskreis-asyl-korb.de\/index.php?rest_route=%2Fwp%2Fv2%2Ftags&post=167"}],"curies":[{"name":"wp","href":"https:\/\/api.w.org\/{rel}","templated":true}]}}