{"id":838,"date":"2025-07-07T14:05:02","date_gmt":"2025-07-07T12:05:02","guid":{"rendered":"https:\/\/freundeskreis-asyl-korb.de\/?p=838"},"modified":"2025-07-08T12:41:28","modified_gmt":"2025-07-08T10:41:28","slug":"seeplatzfest-2025","status":"publish","type":"post","link":"https:\/\/freundeskreis-asyl-korb.de\/?p=838","title":{"rendered":"Seeplatzfest 2025"},"content":{"rendered":"\n<p>Wie schon in den vergangenen Jahren waren wir vom Freundeskreis Asyl auf dem Seeplatzfest vertreten. Bei angenehmem Wetter war der Seeplatz sehr gut besucht. Viele junge und junggebliebene Besucher nahmen unser Angebot, Freundschaftsb\u00e4ndchen zu basteln, gerne an.<\/p>\n\n\n\n<p>H\u00f6hepunkt war unser Auftritt auf der B\u00fchne. Rose Schaaf hat uns sehr schwungvoll und motivierend vorgestellt. Die aus Syrien stammende Tanzlehrerin Ruba, ihre Tochter Malaka und eine aus Urbach angereiste Kindertanzgruppe haben mit ihren Tanzvorf\u00fchrungen nicht nur das Publikum begeistert, sonden konnten auch ein paar Besucher zum mittanzen animieren.<\/p>\n\n\n\n<p>B\u00e4ndchen, B\u00e4ndchen<\/p>\n\n\n\n<figure class=\"wp-block-gallery has-nested-images columns-default is-cropped wp-block-gallery-1 is-layout-flex wp-block-gallery-is-layout-flex\">\n<figure class=\"wp-block-image size-large\"><img loading=\"lazy\" decoding=\"async\" width=\"1024\" height=\"683\" data-id=\"859\" src=\"https:\/\/freundeskreis-asyl-korb.de\/wp-content\/uploads\/2025\/07\/Seeplatzfest-2.jpg\" alt=\"\" class=\"wp-image-859\" srcset=\"https:\/\/freundeskreis-asyl-korb.de\/wp-content\/uploads\/2025\/07\/Seeplatzfest-2.jpg 1024w, https:\/\/freundeskreis-asyl-korb.de\/wp-content\/uploads\/2025\/07\/Seeplatzfest-2-300x200.jpg 300w, https:\/\/freundeskreis-asyl-korb.de\/wp-content\/uploads\/2025\/07\/Seeplatzfest-2-768x512.jpg 768w\" sizes=\"auto, (max-width: 1024px) 100vw, 1024px\" \/><\/figure>\n\n\n\n<figure class=\"wp-block-image size-large\"><img loading=\"lazy\" decoding=\"async\" width=\"1024\" height=\"683\" data-id=\"860\" src=\"https:\/\/freundeskreis-asyl-korb.de\/wp-content\/uploads\/2025\/07\/Seeplatzfest-4.jpg\" alt=\"\" class=\"wp-image-860\" srcset=\"https:\/\/freundeskreis-asyl-korb.de\/wp-content\/uploads\/2025\/07\/Seeplatzfest-4.jpg 1024w, https:\/\/freundeskreis-asyl-korb.de\/wp-content\/uploads\/2025\/07\/Seeplatzfest-4-300x200.jpg 300w, https:\/\/freundeskreis-asyl-korb.de\/wp-content\/uploads\/2025\/07\/Seeplatzfest-4-768x512.jpg 768w\" sizes=\"auto, (max-width: 1024px) 100vw, 1024px\" \/><\/figure>\n\n\n\n<figure class=\"wp-block-image size-large\"><img loading=\"lazy\" decoding=\"async\" width=\"1024\" height=\"683\" data-id=\"861\" src=\"https:\/\/freundeskreis-asyl-korb.de\/wp-content\/uploads\/2025\/07\/Seeplatzfest-3.jpg\" alt=\"\" class=\"wp-image-861\" srcset=\"https:\/\/freundeskreis-asyl-korb.de\/wp-content\/uploads\/2025\/07\/Seeplatzfest-3.jpg 1024w, https:\/\/freundeskreis-asyl-korb.de\/wp-content\/uploads\/2025\/07\/Seeplatzfest-3-300x200.jpg 300w, https:\/\/freundeskreis-asyl-korb.de\/wp-content\/uploads\/2025\/07\/Seeplatzfest-3-768x512.jpg 768w\" sizes=\"auto, (max-width: 1024px) 100vw, 1024px\" \/><\/figure>\n\n\n\n<figure class=\"wp-block-image size-large\"><img loading=\"lazy\" decoding=\"async\" width=\"640\" height=\"481\" data-id=\"833\" src=\"https:\/\/freundeskreis-asyl-korb.de\/wp-content\/uploads\/2025\/07\/thumbnail_IMG_9810-1.jpg\" alt=\"\" class=\"wp-image-833\"\/><\/figure>\n\n\n\n<figure class=\"wp-block-image size-large\"><img loading=\"lazy\" decoding=\"async\" width=\"640\" height=\"481\" data-id=\"834\" src=\"https:\/\/freundeskreis-asyl-korb.de\/wp-content\/uploads\/2025\/07\/thumbnail_IMG_9812-1.jpg\" alt=\"\" class=\"wp-image-834\"\/><\/figure>\n\n\n\n<figure class=\"wp-block-image size-large\"><img loading=\"lazy\" decoding=\"async\" width=\"640\" height=\"481\" data-id=\"835\" src=\"https:\/\/freundeskreis-asyl-korb.de\/wp-content\/uploads\/2025\/07\/thumbnail_IMG_9813-1.jpg\" alt=\"\" class=\"wp-image-835\"\/><\/figure>\n\n\n\n<figure class=\"wp-block-image size-large\"><img loading=\"lazy\" decoding=\"async\" width=\"640\" height=\"481\" data-id=\"836\" src=\"https:\/\/freundeskreis-asyl-korb.de\/wp-content\/uploads\/2025\/07\/thumbnail_IMG_9815-1.jpg\" alt=\"\" class=\"wp-image-836\" srcset=\"https:\/\/freundeskreis-asyl-korb.de\/wp-content\/uploads\/2025\/07\/thumbnail_IMG_9815-1.jpg 640w, https:\/\/freundeskreis-asyl-korb.de\/wp-content\/uploads\/2025\/07\/thumbnail_IMG_9815-1-300x225.jpg 300w\" sizes=\"auto, (max-width: 640px) 100vw, 640px\" \/><\/figure>\n\n\n\n<figure class=\"wp-block-image size-large\"><img loading=\"lazy\" decoding=\"async\" width=\"640\" height=\"481\" data-id=\"830\" src=\"https:\/\/freundeskreis-asyl-korb.de\/wp-content\/uploads\/2025\/07\/thumbnail_IMG_9805-1.jpg\" alt=\"\" class=\"wp-image-830\"\/><\/figure>\n<\/figure>\n\n\n\n<p>Ein mitrei\u00dfendes B\u00fchnenprogramm<\/p>\n\n\n\n<figure class=\"wp-block-gallery has-nested-images columns-default is-cropped wp-block-gallery-2 is-layout-flex wp-block-gallery-is-layout-flex\">\n<figure class=\"wp-block-image size-large\"><img loading=\"lazy\" decoding=\"async\" width=\"977\" height=\"768\" data-id=\"862\" src=\"https:\/\/freundeskreis-asyl-korb.de\/wp-content\/uploads\/2025\/07\/Seeplatzfest-5.jpg\" alt=\"\" class=\"wp-image-862\" srcset=\"https:\/\/freundeskreis-asyl-korb.de\/wp-content\/uploads\/2025\/07\/Seeplatzfest-5.jpg 977w, https:\/\/freundeskreis-asyl-korb.de\/wp-content\/uploads\/2025\/07\/Seeplatzfest-5-300x236.jpg 300w, https:\/\/freundeskreis-asyl-korb.de\/wp-content\/uploads\/2025\/07\/Seeplatzfest-5-768x604.jpg 768w\" sizes=\"auto, (max-width: 977px) 100vw, 977px\" \/><\/figure>\n\n\n\n<figure class=\"wp-block-image size-large\"><img loading=\"lazy\" decoding=\"async\" width=\"1024\" height=\"683\" data-id=\"863\" src=\"https:\/\/freundeskreis-asyl-korb.de\/wp-content\/uploads\/2025\/07\/Seeplatzfest-6.jpg\" alt=\"\" class=\"wp-image-863\" srcset=\"https:\/\/freundeskreis-asyl-korb.de\/wp-content\/uploads\/2025\/07\/Seeplatzfest-6.jpg 1024w, https:\/\/freundeskreis-asyl-korb.de\/wp-content\/uploads\/2025\/07\/Seeplatzfest-6-300x200.jpg 300w, https:\/\/freundeskreis-asyl-korb.de\/wp-content\/uploads\/2025\/07\/Seeplatzfest-6-768x512.jpg 768w\" sizes=\"auto, (max-width: 1024px) 100vw, 1024px\" \/><\/figure>\n\n\n\n<figure class=\"wp-block-image size-large\"><img loading=\"lazy\" decoding=\"async\" width=\"1024\" height=\"498\" data-id=\"864\" src=\"https:\/\/freundeskreis-asyl-korb.de\/wp-content\/uploads\/2025\/07\/Seeplatzfest-7.jpg\" alt=\"\" class=\"wp-image-864\" srcset=\"https:\/\/freundeskreis-asyl-korb.de\/wp-content\/uploads\/2025\/07\/Seeplatzfest-7.jpg 1024w, https:\/\/freundeskreis-asyl-korb.de\/wp-content\/uploads\/2025\/07\/Seeplatzfest-7-300x146.jpg 300w, https:\/\/freundeskreis-asyl-korb.de\/wp-content\/uploads\/2025\/07\/Seeplatzfest-7-768x374.jpg 768w\" sizes=\"auto, (max-width: 1024px) 100vw, 1024px\" \/><\/figure>\n<\/figure>\n\n\n\n<p>und die M\u00f6glichkeit, Gespr\u00e4che zu f\u00fchren<\/p>\n\n\n\n<figure class=\"wp-block-image size-full\"><img loading=\"lazy\" decoding=\"async\" width=\"640\" height=\"481\" src=\"https:\/\/freundeskreis-asyl-korb.de\/wp-content\/uploads\/2025\/07\/thumbnail_IMG_9817.jpg\" alt=\"\" class=\"wp-image-828\" srcset=\"https:\/\/freundeskreis-asyl-korb.de\/wp-content\/uploads\/2025\/07\/thumbnail_IMG_9817.jpg 640w, https:\/\/freundeskreis-asyl-korb.de\/wp-content\/uploads\/2025\/07\/thumbnail_IMG_9817-300x225.jpg 300w\" sizes=\"auto, (max-width: 640px) 100vw, 640px\" \/><\/figure>\n\n\n\n<figure class=\"wp-block-image size-full\"><img loading=\"lazy\" decoding=\"async\" width=\"1024\" height=\"683\" src=\"https:\/\/freundeskreis-asyl-korb.de\/wp-content\/uploads\/2025\/07\/Seeplatzfest-1.jpg\" alt=\"\" class=\"wp-image-858\" srcset=\"https:\/\/freundeskreis-asyl-korb.de\/wp-content\/uploads\/2025\/07\/Seeplatzfest-1.jpg 1024w, https:\/\/freundeskreis-asyl-korb.de\/wp-content\/uploads\/2025\/07\/Seeplatzfest-1-300x200.jpg 300w, https:\/\/freundeskreis-asyl-korb.de\/wp-content\/uploads\/2025\/07\/Seeplatzfest-1-768x512.jpg 768w\" sizes=\"auto, (max-width: 1024px) 100vw, 1024px\" \/><\/figure>\n\n\n\n<p>Wir danken allen, die die Gelegenheit genutzt haben, unseren Verein etwas kennenzulernen. Unser besonderer Dank gilt insbesondere allen Ehrenamtlichen, die diesen Nachmittag geplant, vorbereitet und durchgef\u00fchrt haben. <\/p>\n\n\n\n<figure class=\"wp-block-image size-full\"><img loading=\"lazy\" decoding=\"async\" width=\"1024\" height=\"683\" src=\"https:\/\/freundeskreis-asyl-korb.de\/wp-content\/uploads\/2025\/07\/Seeplatzfest-8.jpg\" alt=\"\" class=\"wp-image-865\" srcset=\"https:\/\/freundeskreis-asyl-korb.de\/wp-content\/uploads\/2025\/07\/Seeplatzfest-8.jpg 1024w, https:\/\/freundeskreis-asyl-korb.de\/wp-content\/uploads\/2025\/07\/Seeplatzfest-8-300x200.jpg 300w, https:\/\/freundeskreis-asyl-korb.de\/wp-content\/uploads\/2025\/07\/Seeplatzfest-8-768x512.jpg 768w\" sizes=\"auto, (max-width: 1024px) 100vw, 1024px\" \/><\/figure>\n\n\n\n<p>Nach dem Fest ist vor dem Fest: Wir w\u00fcrden uns sehr freuen, auch auf unserem Sommerfest viele G\u00e4ste begr\u00fc\u00dfen zu d\u00fcrfen. <\/p>\n","protected":false},"excerpt":{"rendered":"<p>Wie schon in den vergangenen Jahren waren wir vom Freundeskreis Asyl auf dem Seeplatzfest vertreten. Bei angenehmem Wetter war der Seeplatz sehr gut besucht. Viele junge und junggebliebene Besucher nahmen unser Angebot, Freundschaftsb\u00e4ndchen zu basteln, gerne an. H\u00f6hepunkt war unser Auftritt auf der B\u00fchne. Rose Schaaf hat uns sehr schwungvoll und motivierend vorgestellt. Die aus&hellip; <a class=\"more-link\" href=\"https:\/\/freundeskreis-asyl-korb.de\/?p=838\"><span class=\"screen-reader-text\">Seeplatzfest 2025<\/span> weiterlesen<\/a><\/p>\n","protected":false},"author":2,"featured_media":831,"comment_status":"open","ping_status":"open","sticky":false,"template":"","format":"standard","meta":{"footnotes":""},"categories":[1],"tags":[],"class_list":["post-838","post","type-post","status-publish","format-standard","has-post-thumbnail","hentry","category-uncategorized","entry"],"featured_image_urls":{"full":["https:\/\/freundeskreis-asyl-korb.de\/wp-content\/uploads\/2025\/07\/thumbnail_IMG_9806-1.jpg",640,481,false],"thumbnail":["https:\/\/freundeskreis-asyl-korb.de\/wp-content\/uploads\/2025\/07\/thumbnail_IMG_9806-1.jpg",150,113,false],"medium":["https:\/\/freundeskreis-asyl-korb.de\/wp-content\/uploads\/2025\/07\/thumbnail_IMG_9806-1.jpg",300,225,false],"medium_large":["https:\/\/freundeskreis-asyl-korb.de\/wp-content\/uploads\/2025\/07\/thumbnail_IMG_9806-1.jpg",640,481,false],"large":["https:\/\/freundeskreis-asyl-korb.de\/wp-content\/uploads\/2025\/07\/thumbnail_IMG_9806-1.jpg",640,481,false],"1536x1536":["https:\/\/freundeskreis-asyl-korb.de\/wp-content\/uploads\/2025\/07\/thumbnail_IMG_9806-1.jpg",640,481,false],"2048x2048":["https:\/\/freundeskreis-asyl-korb.de\/wp-content\/uploads\/2025\/07\/thumbnail_IMG_9806-1.jpg",640,481,false],"post-thumbnail":["https:\/\/freundeskreis-asyl-korb.de\/wp-content\/uploads\/2025\/07\/thumbnail_IMG_9806-1.jpg",640,481,false]},"author_info":{"info":["Conny Schierwath"]},"category_info":"<a href=\"https:\/\/freundeskreis-asyl-korb.de\/?cat=1\" rel=\"category\">Veranstaltungen des Vereins<\/a>","tag_info":"Veranstaltungen des Vereins","comment_count":"0","_links":{"self":[{"href":"https:\/\/freundeskreis-asyl-korb.de\/index.php?rest_route=\/wp\/v2\/posts\/838","targetHints":{"allow":["GET"]}}],"collection":[{"href":"https:\/\/freundeskreis-asyl-korb.de\/index.php?rest_route=\/wp\/v2\/posts"}],"about":[{"href":"https:\/\/freundeskreis-asyl-korb.de\/index.php?rest_route=\/wp\/v2\/types\/post"}],"author":[{"embeddable":true,"href":"https:\/\/freundeskreis-asyl-korb.de\/index.php?rest_route=\/wp\/v2\/users\/2"}],"replies":[{"embeddable":true,"href":"https:\/\/freundeskreis-asyl-korb.de\/index.php?rest_route=%2Fwp%2Fv2%2Fcomments&post=838"}],"version-history":[{"count":3,"href":"https:\/\/freundeskreis-asyl-korb.de\/index.php?rest_route=\/wp\/v2\/posts\/838\/revisions"}],"predecessor-version":[{"id":869,"href":"https:\/\/freundeskreis-asyl-korb.de\/index.php?rest_route=\/wp\/v2\/posts\/838\/revisions\/869"}],"wp:featuredmedia":[{"embeddable":true,"href":"https:\/\/freundeskreis-asyl-korb.de\/index.php?rest_route=\/wp\/v2\/media\/831"}],"wp:attachment":[{"href":"https:\/\/freundeskreis-asyl-korb.de\/index.php?rest_route=%2Fwp%2Fv2%2Fmedia&parent=838"}],"wp:term":[{"taxonomy":"category","embeddable":true,"href":"https:\/\/freundeskreis-asyl-korb.de\/index.php?rest_route=%2Fwp%2Fv2%2Fcategories&post=838"},{"taxonomy":"post_tag","embeddable":true,"href":"https:\/\/freundeskreis-asyl-korb.de\/index.php?rest_route=%2Fwp%2Fv2%2Ftags&post=838"}],"curies":[{"name":"wp","href":"https:\/\/api.w.org\/{rel}","templated":true}]}}