{"id":942,"date":"2025-07-22T10:10:01","date_gmt":"2025-07-22T08:10:01","guid":{"rendered":"https:\/\/freundeskreis-asyl-korb.de\/?p=942"},"modified":"2025-07-23T18:36:35","modified_gmt":"2025-07-23T16:36:35","slug":"10-jahre-freundeskreis-anlass-fuer-ein-schoenes-fest","status":"publish","type":"post","link":"https:\/\/freundeskreis-asyl-korb.de\/?p=942","title":{"rendered":"10 Jahre Freundeskreis \u2013 Anlass f\u00fcr ein sch\u00f6nes Fest"},"content":{"rendered":"\n<p>Am Sonntag, dem 20.7. haben wir gemeinsam mit dem JUZE ein Sommerfest gefeiert.<\/p>\n\n\n\n<p>Voraus gingen viele Diskussionen. Sollen wir das Jubil\u00e4um feiern? Wie und wo m\u00f6chten wir es machen? \u2026<\/p>\n\n\n\n<p>Schlie\u00dflich waren wir uns einig, dass wir auf dem Gel\u00e4nde, auf dem die Sammelunterk\u00fcnfte stehen, feiern m\u00f6chten, um auch die Bewohner der Anschlussunterbringung und der Gemeinschaftsunterkunft besser einbeziehen zu k\u00f6nnen. Wir haben uns gefreut, als wir vom Jugendhaus die Zusage bekommen haben, dass sie mir uns feiern wollen.<\/p>\n\n\n\n<p>Jetzt ging es an die konkrete Planung, dazu geh\u00f6rten Themen wie: Woher bekommen wir Tische, Zelte, B\u00e4nke?&nbsp; Was soll es zu essen und trinken geben? Wie transportieren wir alles und wo lagern wir es bis zum Fest? Wie soll unser Kulturprogramm aussehen? Und ganz wichtig: Mit wie vielen G\u00e4sten d\u00fcrfen wir rechnen?<\/p>\n\n\n\n<p>Viele von uns haben auf unterschiedlichste Weise versucht, f\u00fcr unser Fest Werbung zu machen.<\/p>\n\n\n\n<p> <img loading=\"lazy\" decoding=\"async\" width=\"150\" height=\"212\" class=\"wp-image-791\" style=\"width: 150px;\" src=\"https:\/\/freundeskreis-asyl-korb.de\/wp-content\/uploads\/2025\/06\/Sommerfest.png\" alt=\"\" srcset=\"https:\/\/freundeskreis-asyl-korb.de\/wp-content\/uploads\/2025\/06\/Sommerfest.png 910w, https:\/\/freundeskreis-asyl-korb.de\/wp-content\/uploads\/2025\/06\/Sommerfest-212x300.png 212w, https:\/\/freundeskreis-asyl-korb.de\/wp-content\/uploads\/2025\/06\/Sommerfest-723x1024.png 723w, https:\/\/freundeskreis-asyl-korb.de\/wp-content\/uploads\/2025\/06\/Sommerfest-768x1088.png 768w\" sizes=\"auto, (max-width: 150px) 100vw, 150px\" \/>    <img loading=\"lazy\" decoding=\"async\" width=\"150\" height=\"150\" class=\"wp-image-946\" style=\"width: 150px;\" src=\"https:\/\/freundeskreis-asyl-korb.de\/wp-content\/uploads\/2025\/07\/aktueller-QR-Conde.png\" alt=\"\" srcset=\"https:\/\/freundeskreis-asyl-korb.de\/wp-content\/uploads\/2025\/07\/aktueller-QR-Conde.png 635w, https:\/\/freundeskreis-asyl-korb.de\/wp-content\/uploads\/2025\/07\/aktueller-QR-Conde-300x300.png 300w, https:\/\/freundeskreis-asyl-korb.de\/wp-content\/uploads\/2025\/07\/aktueller-QR-Conde-150x150.png 150w\" sizes=\"auto, (max-width: 150px) 100vw, 150px\" \/><\/p>\n\n\n\n<p>Bereits am Samstag vor dem Fest hat eine Gruppe aus Gefl\u00fcchteten und Ehrenamtlichen flei\u00dfig geputzt und aufger\u00e4umt.<\/p>\n\n\n\n<p>Und immer wieder dazwischen hatten wir einen bangen Blick auf unsere Wetter-Apps, die genau zu unserem Fest Regen und Gewitter vorhergesagt haben. <\/p>\n\n\n\n<p class=\"has-text-align-center\"> <img loading=\"lazy\" decoding=\"async\" width=\"150\" height=\"150\" class=\"wp-image-969\" style=\"width: 150px;\" src=\"https:\/\/freundeskreis-asyl-korb.de\/wp-content\/uploads\/2025\/07\/unwetter_bild_20140621_1511661409.jpg\" alt=\"\" srcset=\"https:\/\/freundeskreis-asyl-korb.de\/wp-content\/uploads\/2025\/07\/unwetter_bild_20140621_1511661409.jpg 2000w, https:\/\/freundeskreis-asyl-korb.de\/wp-content\/uploads\/2025\/07\/unwetter_bild_20140621_1511661409-300x300.jpg 300w, https:\/\/freundeskreis-asyl-korb.de\/wp-content\/uploads\/2025\/07\/unwetter_bild_20140621_1511661409-1024x1024.jpg 1024w, https:\/\/freundeskreis-asyl-korb.de\/wp-content\/uploads\/2025\/07\/unwetter_bild_20140621_1511661409-150x150.jpg 150w, https:\/\/freundeskreis-asyl-korb.de\/wp-content\/uploads\/2025\/07\/unwetter_bild_20140621_1511661409-768x768.jpg 768w, https:\/\/freundeskreis-asyl-korb.de\/wp-content\/uploads\/2025\/07\/unwetter_bild_20140621_1511661409-1536x1536.jpg 1536w, https:\/\/freundeskreis-asyl-korb.de\/wp-content\/uploads\/2025\/07\/unwetter_bild_20140621_1511661409-1568x1568.jpg 1568w\" sizes=\"auto, (max-width: 150px) 100vw, 150px\" \/><\/p>\n\n\n\n<p>Endlich war der Sonntag gekommen.<\/p>\n\n\n\n<figure class=\"wp-block-image size-large is-style-default\"><img loading=\"lazy\" decoding=\"async\" width=\"769\" height=\"1024\" src=\"https:\/\/freundeskreis-asyl-korb.de\/wp-content\/uploads\/2025\/07\/Aufbau-769x1024.jpg\" alt=\"\" class=\"wp-image-982\" srcset=\"https:\/\/freundeskreis-asyl-korb.de\/wp-content\/uploads\/2025\/07\/Aufbau-769x1024.jpg 769w, https:\/\/freundeskreis-asyl-korb.de\/wp-content\/uploads\/2025\/07\/Aufbau-225x300.jpg 225w, https:\/\/freundeskreis-asyl-korb.de\/wp-content\/uploads\/2025\/07\/Aufbau-768x1023.jpg 768w, https:\/\/freundeskreis-asyl-korb.de\/wp-content\/uploads\/2025\/07\/Aufbau-1153x1536.jpg 1153w, https:\/\/freundeskreis-asyl-korb.de\/wp-content\/uploads\/2025\/07\/Aufbau.jpg 1201w\" sizes=\"auto, (max-width: 769px) 100vw, 769px\" \/><\/figure>\n\n\n\n<p>Schon am Vormittag war viel Betrieb auf dem Gel\u00e4nde. Zelte mussten geholt und aufgestellt werden, die Tische und B\u00e4nke dazu. Alles sollte so aufgebaut werden, dass man auch bei Regen gesch\u00fctzt sitzen kann und die Zelte bei einem Gewitter nicht davonfliegen. Zum Gl\u00fcck hat uns bei den Zelten Herr Liebhardt tatkr\u00e4ftig unterst\u00fctzt. Danke an die Ehrenamtlichen, die teilweise erst mal mit der Heckenschere an die Arbeit mussten.<\/p>\n\n\n\n<figure class=\"wp-block-image size-large is-style-rounded\"><img loading=\"lazy\" decoding=\"async\" width=\"1200\" height=\"1600\" src=\"https:\/\/freundeskreis-asyl-korb.de\/wp-content\/uploads\/2025\/07\/Sommerfest-25-7-1.jpg\" alt=\"\" class=\"wp-image-948\"\/><figcaption class=\"wp-element-caption\">Es wird gekocht<\/figcaption><\/figure>\n\n\n\n<div class=\"wp-block-group\"><div class=\"wp-block-group__inner-container is-layout-constrained wp-block-group-is-layout-constrained\">\n<figure class=\"wp-block-gallery has-nested-images columns-default is-cropped wp-block-gallery-1 is-layout-flex wp-block-gallery-is-layout-flex\">\n<figure class=\"wp-block-image size-large\"><img loading=\"lazy\" decoding=\"async\" width=\"768\" height=\"1024\" data-id=\"944\" src=\"https:\/\/freundeskreis-asyl-korb.de\/wp-content\/uploads\/2025\/07\/Sommerfest-25-2-768x1024.jpg\" alt=\"\" class=\"wp-image-944\" srcset=\"https:\/\/freundeskreis-asyl-korb.de\/wp-content\/uploads\/2025\/07\/Sommerfest-25-2-768x1024.jpg 768w, https:\/\/freundeskreis-asyl-korb.de\/wp-content\/uploads\/2025\/07\/Sommerfest-25-2-225x300.jpg 225w, https:\/\/freundeskreis-asyl-korb.de\/wp-content\/uploads\/2025\/07\/Sommerfest-25-2-1152x1536.jpg 1152w, https:\/\/freundeskreis-asyl-korb.de\/wp-content\/uploads\/2025\/07\/Sommerfest-25-2-1536x2048.jpg 1536w, https:\/\/freundeskreis-asyl-korb.de\/wp-content\/uploads\/2025\/07\/Sommerfest-25-2-1568x2091.jpg 1568w, https:\/\/freundeskreis-asyl-korb.de\/wp-content\/uploads\/2025\/07\/Sommerfest-25-2.jpg 1920w\" sizes=\"auto, (max-width: 768px) 100vw, 768px\" \/><figcaption class=\"wp-element-caption\">Unsere Speisekarte wird vorbereitet<\/figcaption><\/figure>\n\n\n\n<figure class=\"wp-block-image size-large\"><img loading=\"lazy\" decoding=\"async\" width=\"768\" height=\"1024\" data-id=\"943\" src=\"https:\/\/freundeskreis-asyl-korb.de\/wp-content\/uploads\/2025\/07\/Sommerfest-25-1-768x1024.jpg\" alt=\"\" class=\"wp-image-943\" srcset=\"https:\/\/freundeskreis-asyl-korb.de\/wp-content\/uploads\/2025\/07\/Sommerfest-25-1-768x1024.jpg 768w, https:\/\/freundeskreis-asyl-korb.de\/wp-content\/uploads\/2025\/07\/Sommerfest-25-1-225x300.jpg 225w, https:\/\/freundeskreis-asyl-korb.de\/wp-content\/uploads\/2025\/07\/Sommerfest-25-1-1152x1536.jpg 1152w, https:\/\/freundeskreis-asyl-korb.de\/wp-content\/uploads\/2025\/07\/Sommerfest-25-1-1536x2048.jpg 1536w, https:\/\/freundeskreis-asyl-korb.de\/wp-content\/uploads\/2025\/07\/Sommerfest-25-1-1568x2091.jpg 1568w, https:\/\/freundeskreis-asyl-korb.de\/wp-content\/uploads\/2025\/07\/Sommerfest-25-1.jpg 1920w\" sizes=\"auto, (max-width: 768px) 100vw, 768px\" \/><\/figure>\n\n\n\n<figure class=\"wp-block-image size-large\"><img loading=\"lazy\" decoding=\"async\" width=\"768\" height=\"1024\" data-id=\"980\" src=\"https:\/\/freundeskreis-asyl-korb.de\/wp-content\/uploads\/2025\/07\/Kochen-46-1-768x1024.jpg\" alt=\"\" class=\"wp-image-980\" srcset=\"https:\/\/freundeskreis-asyl-korb.de\/wp-content\/uploads\/2025\/07\/Kochen-46-1-768x1024.jpg 768w, https:\/\/freundeskreis-asyl-korb.de\/wp-content\/uploads\/2025\/07\/Kochen-46-1-225x300.jpg 225w, https:\/\/freundeskreis-asyl-korb.de\/wp-content\/uploads\/2025\/07\/Kochen-46-1-1152x1536.jpg 1152w, https:\/\/freundeskreis-asyl-korb.de\/wp-content\/uploads\/2025\/07\/Kochen-46-1.jpg 1200w\" sizes=\"auto, (max-width: 768px) 100vw, 768px\" \/><figcaption class=\"wp-element-caption\">w\u00e4hrend hier noch gekocht wird<\/figcaption><\/figure>\n<\/figure>\n<\/div><\/div>\n\n\n\n<figure class=\"wp-block-image size-full is-style-default\"><img loading=\"lazy\" decoding=\"async\" width=\"896\" height=\"1200\" src=\"https:\/\/freundeskreis-asyl-korb.de\/wp-content\/uploads\/2025\/07\/Sommerfest-25-15-Kopie.jpg\" alt=\"\" class=\"wp-image-957\"\/><figcaption class=\"wp-element-caption\">Zeit f\u00fcr eine Partie Schach muss auch noch sein<\/figcaption><\/figure>\n\n\n\n<p>Und es wurde gekocht und gebacken. Zuhause, in der Lehrk\u00fcche, in der Gemeinschaftsunterkunft und in der Anschlussunterbringung. Es gab Essen aus Afrika, dem Kaschmir, Syrien, der Ukraine, Deutschland, dem Kosovo, der T\u00fcrkei, \u2026&nbsp; &nbsp;&nbsp;<\/p>\n\n\n\n<figure class=\"wp-block-image size-large is-style-default\"><img loading=\"lazy\" decoding=\"async\" width=\"1024\" height=\"773\" src=\"https:\/\/freundeskreis-asyl-korb.de\/wp-content\/uploads\/2025\/07\/Sommerfest-Kueche-1024x773.jpg\" alt=\"\" class=\"wp-image-976\" srcset=\"https:\/\/freundeskreis-asyl-korb.de\/wp-content\/uploads\/2025\/07\/Sommerfest-Kueche-1024x773.jpg 1024w, https:\/\/freundeskreis-asyl-korb.de\/wp-content\/uploads\/2025\/07\/Sommerfest-Kueche-300x227.jpg 300w, https:\/\/freundeskreis-asyl-korb.de\/wp-content\/uploads\/2025\/07\/Sommerfest-Kueche-768x580.jpg 768w, https:\/\/freundeskreis-asyl-korb.de\/wp-content\/uploads\/2025\/07\/Sommerfest-Kueche-1536x1160.jpg 1536w, https:\/\/freundeskreis-asyl-korb.de\/wp-content\/uploads\/2025\/07\/Sommerfest-Kueche-1568x1184.jpg 1568w, https:\/\/freundeskreis-asyl-korb.de\/wp-content\/uploads\/2025\/07\/Sommerfest-Kueche.jpg 1600w\" sizes=\"auto, (max-width: 1024px) 100vw, 1024px\" \/><figcaption class=\"wp-element-caption\">Ein Blick in die K\u00fcche<\/figcaption><\/figure>\n\n\n\n<p>Vor Beginn des eigentlichen Fests hatten wir geladene G\u00e4sten wie zum Beispiel unsere Gemeinder\u00e4te und Vertreter der Kirchengemeinden eingeladen, die R\u00e4umlichkeiten anzusehen, in denen wir erhaltene Spenden lagern und ausgeben und sich die Abl\u00e4ufe erkl\u00e4ren zu lassen.<\/p>\n\n\n\n<p>Dann ging es zum Fest auf dem Gel\u00e4nde bei den Gemeinschaftsunterk\u00fcnften. <\/p>\n\n\n\n<figure class=\"wp-block-image size-large is-style-rounded\"><img loading=\"lazy\" decoding=\"async\" width=\"1024\" height=\"768\" src=\"https:\/\/freundeskreis-asyl-korb.de\/wp-content\/uploads\/2025\/07\/Sommerfest-25-14-1-1024x768.jpg\" alt=\"\" class=\"wp-image-971\" srcset=\"https:\/\/freundeskreis-asyl-korb.de\/wp-content\/uploads\/2025\/07\/Sommerfest-25-14-1-1024x768.jpg 1024w, https:\/\/freundeskreis-asyl-korb.de\/wp-content\/uploads\/2025\/07\/Sommerfest-25-14-1-300x225.jpg 300w, https:\/\/freundeskreis-asyl-korb.de\/wp-content\/uploads\/2025\/07\/Sommerfest-25-14-1-768x576.jpg 768w, https:\/\/freundeskreis-asyl-korb.de\/wp-content\/uploads\/2025\/07\/Sommerfest-25-14-1-1536x1152.jpg 1536w, https:\/\/freundeskreis-asyl-korb.de\/wp-content\/uploads\/2025\/07\/Sommerfest-25-14-1-1568x1176.jpg 1568w, https:\/\/freundeskreis-asyl-korb.de\/wp-content\/uploads\/2025\/07\/Sommerfest-25-14-1.jpg 1600w\" sizes=\"auto, (max-width: 1024px) 100vw, 1024px\" \/><\/figure>\n\n\n\n<p>Nach einer kurzen Begr\u00fc\u00dfung gab es noch ein Gru\u00dfwort von unserem B\u00fcrgermeister, Herrn Motschenbacher, der mit dem Anschnitt einer durch einen Gefl\u00fcchteten extra entworfenen Korb-Torte das Fest er\u00f6ffnen durfte.&nbsp;<\/p>\n\n\n\n<div class=\"wp-block-media-text is-stacked-on-mobile\"><figure class=\"wp-block-media-text__media\"><img loading=\"lazy\" decoding=\"async\" width=\"467\" height=\"573\" src=\"https:\/\/freundeskreis-asyl-korb.de\/wp-content\/uploads\/2025\/07\/Torte-gross.jpg\" alt=\"\" class=\"wp-image-955 size-full\" srcset=\"https:\/\/freundeskreis-asyl-korb.de\/wp-content\/uploads\/2025\/07\/Torte-gross.jpg 467w, https:\/\/freundeskreis-asyl-korb.de\/wp-content\/uploads\/2025\/07\/Torte-gross-245x300.jpg 245w\" sizes=\"auto, (max-width: 467px) 100vw, 467px\" \/><\/figure><div class=\"wp-block-media-text__content\">\n<p>Ein begabter junger kurdischer Konditor hat diese Torte extra f\u00fcr unser Fest entworfen und gemacht. <\/p>\n<\/div><\/div>\n\n\n\n<figure class=\"wp-block-gallery has-nested-images columns-default is-cropped wp-block-gallery-2 is-layout-flex wp-block-gallery-is-layout-flex\">\n<figure class=\"wp-block-image size-full\"><img loading=\"lazy\" decoding=\"async\" width=\"646\" height=\"942\" data-id=\"956\" src=\"https:\/\/freundeskreis-asyl-korb.de\/wp-content\/uploads\/2025\/07\/Anschnitt-der-Torte-2-1.jpg\" alt=\"\" class=\"wp-image-956\" srcset=\"https:\/\/freundeskreis-asyl-korb.de\/wp-content\/uploads\/2025\/07\/Anschnitt-der-Torte-2-1.jpg 646w, https:\/\/freundeskreis-asyl-korb.de\/wp-content\/uploads\/2025\/07\/Anschnitt-der-Torte-2-1-206x300.jpg 206w\" sizes=\"auto, (max-width: 646px) 100vw, 646px\" \/><figcaption class=\"wp-element-caption\">\u00dcbergabe der Torte durch den Konditor und Anschnitt durch Herrn B\u00fcrgermeister Motschenbacher<\/figcaption><\/figure>\n<\/figure>\n\n\n\n<p>Auch musikalisch war unser Fest international. Kurdische Musik mit Turan&nbsp;Akkoygun hat das Programm er\u00f6ffnet und bereits zum Tanzen eingeladen, die syrischen T\u00e4nzerinnen Ruba &amp; Malak haben mit ihrem Tanz begeistert. Die junge Emilia hat mit dem deutschen Song <em>Elefant von Lea<\/em> gezeigt, dass es auch in Korb begabte Nachwuchstalente gibt und sehr viel Beifall bekommen. Afrikanische Trommler brachten viel Stimmung rein und konnten Gefl\u00fcchtete und G\u00e4ste zum Mittrommeln animieren. Danach hat uns bis zum Schluss noch der Ukrainer Viktor mit Musik und Gesang unterschiedlichster Stilrichtungen unterhalten.<\/p>\n\n\n\n<figure class=\"wp-block-gallery has-nested-images columns-default is-cropped wp-block-gallery-3 is-layout-flex wp-block-gallery-is-layout-flex\">\n<figure class=\"wp-block-image size-large\"><img loading=\"lazy\" decoding=\"async\" width=\"1440\" height=\"1075\" data-id=\"961\" src=\"https:\/\/freundeskreis-asyl-korb.de\/wp-content\/uploads\/2025\/07\/Platz-zum-Tanzen-Kopie.jpg\" alt=\"\" class=\"wp-image-961\"\/><figcaption class=\"wp-element-caption\">Kurdische Musik hat zum Tanzen eingeladen<\/figcaption><\/figure>\n\n\n\n<figure class=\"wp-block-image size-large\"><img loading=\"lazy\" decoding=\"async\" width=\"768\" height=\"1024\" data-id=\"962\" src=\"https:\/\/freundeskreis-asyl-korb.de\/wp-content\/uploads\/2025\/07\/Musik-1-768x1024.jpg\" alt=\"\" class=\"wp-image-962\" srcset=\"https:\/\/freundeskreis-asyl-korb.de\/wp-content\/uploads\/2025\/07\/Musik-1-768x1024.jpg 768w, https:\/\/freundeskreis-asyl-korb.de\/wp-content\/uploads\/2025\/07\/Musik-1-225x300.jpg 225w, https:\/\/freundeskreis-asyl-korb.de\/wp-content\/uploads\/2025\/07\/Musik-1-1152x1536.jpg 1152w, https:\/\/freundeskreis-asyl-korb.de\/wp-content\/uploads\/2025\/07\/Musik-1.jpg 1440w\" sizes=\"auto, (max-width: 768px) 100vw, 768px\" \/><figcaption class=\"wp-element-caption\">Auch in Korb gibt es musikalische Talente, wie Emilia gezeigt hat<\/figcaption><\/figure>\n<\/figure>\n\n\n\n<figure class=\"wp-block-video\"><video height=\"480\" style=\"aspect-ratio: 848 \/ 480;\" width=\"848\" controls src=\"https:\/\/freundeskreis-asyl-korb.de\/wp-content\/uploads\/2025\/07\/Video-Trommler-1.mp4\"><\/video><\/figure>\n\n\n\n<figure class=\"wp-block-gallery has-nested-images columns-default is-cropped wp-block-gallery-4 is-layout-flex wp-block-gallery-is-layout-flex\">\n<figure class=\"wp-block-image size-large is-style-default\"><img loading=\"lazy\" decoding=\"async\" width=\"641\" height=\"970\" data-id=\"967\" src=\"https:\/\/freundeskreis-asyl-korb.de\/wp-content\/uploads\/2025\/07\/Viktor-Kopie.jpg\" alt=\"\" class=\"wp-image-967\"\/><figcaption class=\"wp-element-caption\">Der Ukrainer Viktor hat mit seinem umfangreichen Repertoire unser musikalisches Repertoire abgerundet<\/figcaption><\/figure>\n<\/figure>\n\n\n\n<p>Organisatorisch haben wir sicher noch Luft nach oben und Verbesserungspotential, aber unsere G\u00e4ste haben sich wohlgef\u00fchlt (und wir nat\u00fcrlich auch\ud83d\ude0a).<\/p>\n\n\n\n<p>Sogar das Wetter hat (fast) mitgespielt: Erst gegen Ende des Fests kam doch recht heftiger Regen auf, der daf\u00fcr gesorgt hat, dass einige G\u00e4ste etwas l\u00e4nger als geplant unter dem sch\u00fctzenden Zeltdach blieben. Allerdings haben alle, die dann noch beim Aufr\u00e4umen der B\u00e4nke und dem Abbau der Zelte geholfen haben, eine heftige unfreiwillige Dusche bekommen &#8211; die zwar nicht warm aber zumindest kostenlos war.<\/p>\n\n\n\n<p>Keine zwei Stunden nach Ende des Fests waren der Au\u00dfenbereich und die K\u00fcche wieder in einem Zustand, dass wir m\u00fcde, aber zufrieden nach Hause fahren und die K\u00fcche wieder den Bewohnern \u00fcberlassen konnten<\/p>\n\n\n\n<p><strong>Danke.<\/strong><\/p>\n\n\n\n<p><strong>Danke an die Bewohner, die uns auf ihrem Gel\u00e4nde haben feiern lassen, auch wenn das zumindest f\u00fcr einige Bewohner Einschr\u00e4nkungen mit sich gebracht hat.<\/strong><\/p>\n\n\n\n<p><strong>Wir bedanken uns bei allen, die uns bei der Vorbereitung und Durchf\u00fchrung des Fests geholfen haben. Ohne euch, ohne eure Unterst\u00fctzung w\u00e4re das Fest \u00fcberhaupt nicht m\u00f6glich gewesen!<\/strong><\/p>\n\n\n\n<p><strong>Und ein ganz gro\u00dfes Dankesch\u00f6n sagen wir allen G\u00e4sten, die mit uns gefeiert haben. Wir durften uns \u00fcber viele positive R\u00fcckmeldungen freuen. Herzlichen Dank daf\u00fcr.<\/strong><\/p>\n\n\n\n<figure class=\"wp-block-gallery has-nested-images columns-default is-cropped wp-block-gallery-5 is-layout-flex wp-block-gallery-is-layout-flex\">\n<figure class=\"wp-block-image size-large\"><img loading=\"lazy\" decoding=\"async\" width=\"1024\" height=\"768\" data-id=\"972\" src=\"https:\/\/freundeskreis-asyl-korb.de\/wp-content\/uploads\/2025\/07\/Sommerfest-25-13-1-1024x768.jpg\" alt=\"\" class=\"wp-image-972\" srcset=\"https:\/\/freundeskreis-asyl-korb.de\/wp-content\/uploads\/2025\/07\/Sommerfest-25-13-1-1024x768.jpg 1024w, https:\/\/freundeskreis-asyl-korb.de\/wp-content\/uploads\/2025\/07\/Sommerfest-25-13-1-300x225.jpg 300w, https:\/\/freundeskreis-asyl-korb.de\/wp-content\/uploads\/2025\/07\/Sommerfest-25-13-1-768x576.jpg 768w, https:\/\/freundeskreis-asyl-korb.de\/wp-content\/uploads\/2025\/07\/Sommerfest-25-13-1-1536x1152.jpg 1536w, https:\/\/freundeskreis-asyl-korb.de\/wp-content\/uploads\/2025\/07\/Sommerfest-25-13-1-1568x1176.jpg 1568w, https:\/\/freundeskreis-asyl-korb.de\/wp-content\/uploads\/2025\/07\/Sommerfest-25-13-1.jpg 1600w\" sizes=\"auto, (max-width: 1024px) 100vw, 1024px\" \/><\/figure>\n\n\n\n<figure class=\"wp-block-image size-large\"><img loading=\"lazy\" decoding=\"async\" width=\"1024\" height=\"768\" data-id=\"952\" src=\"https:\/\/freundeskreis-asyl-korb.de\/wp-content\/uploads\/2025\/07\/Sommerfest-25-16-1024x768.jpg\" alt=\"\" class=\"wp-image-952\" srcset=\"https:\/\/freundeskreis-asyl-korb.de\/wp-content\/uploads\/2025\/07\/Sommerfest-25-16-1024x768.jpg 1024w, https:\/\/freundeskreis-asyl-korb.de\/wp-content\/uploads\/2025\/07\/Sommerfest-25-16-300x225.jpg 300w, https:\/\/freundeskreis-asyl-korb.de\/wp-content\/uploads\/2025\/07\/Sommerfest-25-16-768x576.jpg 768w, https:\/\/freundeskreis-asyl-korb.de\/wp-content\/uploads\/2025\/07\/Sommerfest-25-16-1536x1152.jpg 1536w, https:\/\/freundeskreis-asyl-korb.de\/wp-content\/uploads\/2025\/07\/Sommerfest-25-16-1568x1176.jpg 1568w, https:\/\/freundeskreis-asyl-korb.de\/wp-content\/uploads\/2025\/07\/Sommerfest-25-16.jpg 1600w\" sizes=\"auto, (max-width: 1024px) 100vw, 1024px\" \/><\/figure>\n\n\n\n<figure class=\"wp-block-image size-large\"><img loading=\"lazy\" decoding=\"async\" width=\"1600\" height=\"1200\" data-id=\"951\" src=\"https:\/\/freundeskreis-asyl-korb.de\/wp-content\/uploads\/2025\/07\/Sommerfest-25-14.jpg\" alt=\"\" class=\"wp-image-951\"\/><\/figure>\n<\/figure>\n\n\n\n<p><\/p>\n","protected":false},"excerpt":{"rendered":"<p>Am Sonntag, dem 20.7. haben wir gemeinsam mit dem JUZE ein Sommerfest gefeiert. Voraus gingen viele Diskussionen. Sollen wir das Jubil\u00e4um feiern? Wie und wo m\u00f6chten wir es machen? \u2026 Schlie\u00dflich waren wir uns einig, dass wir auf dem Gel\u00e4nde, auf dem die Sammelunterk\u00fcnfte stehen, feiern m\u00f6chten, um auch die Bewohner der Anschlussunterbringung und der&hellip; <a class=\"more-link\" href=\"https:\/\/freundeskreis-asyl-korb.de\/?p=942\"><span class=\"screen-reader-text\">10 Jahre Freundeskreis \u2013 Anlass f\u00fcr ein sch\u00f6nes Fest<\/span> weiterlesen<\/a><\/p>\n","protected":false},"author":2,"featured_media":775,"comment_status":"open","ping_status":"open","sticky":false,"template":"","format":"standard","meta":{"footnotes":""},"categories":[1],"tags":[],"class_list":["post-942","post","type-post","status-publish","format-standard","has-post-thumbnail","hentry","category-uncategorized","entry"],"featured_image_urls":{"full":["https:\/\/freundeskreis-asyl-korb.de\/wp-content\/uploads\/2025\/06\/Logo-ChatGPT-Image-26.-Juni-2025-21_07_24.png",1024,1024,false],"thumbnail":["https:\/\/freundeskreis-asyl-korb.de\/wp-content\/uploads\/2025\/06\/Logo-ChatGPT-Image-26.-Juni-2025-21_07_24-150x150.png",150,150,true],"medium":["https:\/\/freundeskreis-asyl-korb.de\/wp-content\/uploads\/2025\/06\/Logo-ChatGPT-Image-26.-Juni-2025-21_07_24-300x300.png",300,300,true],"medium_large":["https:\/\/freundeskreis-asyl-korb.de\/wp-content\/uploads\/2025\/06\/Logo-ChatGPT-Image-26.-Juni-2025-21_07_24-768x768.png",750,750,true],"large":["https:\/\/freundeskreis-asyl-korb.de\/wp-content\/uploads\/2025\/06\/Logo-ChatGPT-Image-26.-Juni-2025-21_07_24.png",750,750,false],"1536x1536":["https:\/\/freundeskreis-asyl-korb.de\/wp-content\/uploads\/2025\/06\/Logo-ChatGPT-Image-26.-Juni-2025-21_07_24.png",1024,1024,false],"2048x2048":["https:\/\/freundeskreis-asyl-korb.de\/wp-content\/uploads\/2025\/06\/Logo-ChatGPT-Image-26.-Juni-2025-21_07_24.png",1024,1024,false],"post-thumbnail":["https:\/\/freundeskreis-asyl-korb.de\/wp-content\/uploads\/2025\/06\/Logo-ChatGPT-Image-26.-Juni-2025-21_07_24.png",1024,1024,false]},"author_info":{"info":["Conny Schierwath"]},"category_info":"<a href=\"https:\/\/freundeskreis-asyl-korb.de\/?cat=1\" rel=\"category\">Veranstaltungen des Vereins<\/a>","tag_info":"Veranstaltungen des Vereins","comment_count":"0","_links":{"self":[{"href":"https:\/\/freundeskreis-asyl-korb.de\/index.php?rest_route=\/wp\/v2\/posts\/942","targetHints":{"allow":["GET"]}}],"collection":[{"href":"https:\/\/freundeskreis-asyl-korb.de\/index.php?rest_route=\/wp\/v2\/posts"}],"about":[{"href":"https:\/\/freundeskreis-asyl-korb.de\/index.php?rest_route=\/wp\/v2\/types\/post"}],"author":[{"embeddable":true,"href":"https:\/\/freundeskreis-asyl-korb.de\/index.php?rest_route=\/wp\/v2\/users\/2"}],"replies":[{"embeddable":true,"href":"https:\/\/freundeskreis-asyl-korb.de\/index.php?rest_route=%2Fwp%2Fv2%2Fcomments&post=942"}],"version-history":[{"count":11,"href":"https:\/\/freundeskreis-asyl-korb.de\/index.php?rest_route=\/wp\/v2\/posts\/942\/revisions"}],"predecessor-version":[{"id":985,"href":"https:\/\/freundeskreis-asyl-korb.de\/index.php?rest_route=\/wp\/v2\/posts\/942\/revisions\/985"}],"wp:featuredmedia":[{"embeddable":true,"href":"https:\/\/freundeskreis-asyl-korb.de\/index.php?rest_route=\/wp\/v2\/media\/775"}],"wp:attachment":[{"href":"https:\/\/freundeskreis-asyl-korb.de\/index.php?rest_route=%2Fwp%2Fv2%2Fmedia&parent=942"}],"wp:term":[{"taxonomy":"category","embeddable":true,"href":"https:\/\/freundeskreis-asyl-korb.de\/index.php?rest_route=%2Fwp%2Fv2%2Fcategories&post=942"},{"taxonomy":"post_tag","embeddable":true,"href":"https:\/\/freundeskreis-asyl-korb.de\/index.php?rest_route=%2Fwp%2Fv2%2Ftags&post=942"}],"curies":[{"name":"wp","href":"https:\/\/api.w.org\/{rel}","templated":true}]}}